{"id":8895,"date":"2021-10-26T08:22:00","date_gmt":"2021-10-26T11:22:00","guid":{"rendered":"https:\/\/www.toque-musicall.com\/?p=8895"},"modified":"2021-10-28T08:24:29","modified_gmt":"2021-10-28T11:24:29","slug":"jacob-do-bandolim-epoca-de-ouro-1969","status":"publish","type":"post","link":"https:\/\/www.toque-musicall.com\/?p=8895","title":{"rendered":"Jacob Do Bandolim &#8211; \u00c9poca De Ouro (1969)"},"content":{"rendered":"\n<figure class=\"wp-block-image size-large\"><img decoding=\"async\" src=\"https:\/\/blogger.googleusercontent.com\/img\/a\/AVvXsEjJceUZFluhRqR8HVCQGKRFkdr1KgrXfrKsdfqLKxAtNvP14rXAPd6DQio9hlnuH03aR_51IqDBmP-JQX94c92ztFD4v4gXOrcWoyz0meQqo9RdYRvYpSMnistDsVXTdWmQ5r7NxJzoNJBTljFXF0EYAr9kxCl6m-5j7bSTv9MZ2h161HsK_keWgSd0Lg=w640-h640\" alt=\"\"\/><\/figure>\n\n\n\n<figure class=\"wp-block-image size-large\"><img decoding=\"async\" src=\"https:\/\/blogger.googleusercontent.com\/img\/a\/AVvXsEiTFNi6sUb87ClrfgFnfB1wijZqErBmqsPK5iAr8gkH4-yQC3Uae4Pq5ZM1WFn_5K98DMYe7ROn45FPVtyXETxURHAAYrb5PDulK-L65R7BBzX6rBivc6cJXyYNE4w4Q5Ip3ITMQ8V2H-DJS3cvrdusACjJ1RrXCjzQuIWEvDLknDQ25p0HvnAIUQoWiQ=w636-h640\" alt=\"\"\/><\/figure>\n\n\n<div class=\"separator\">Boa hora, caros amigos cultos e ocultos! Aqui vai mais um disco de instrumentista, no caso, um bel\u00edssimo e raro lp do grande bandolinista Jacob do Bandolim, acompanhado pelo conjunto \u00c9poca de Ouro. Este disco foi lan\u00e7ado no mesmo ano em que veio a falecer Jacob. Pelo que eu entendo, o lp foi saiu antes de sua morte. Aqui, Jacob e o \u00c9poca de Ouro nos apresenta uma s\u00e9rie de cl\u00e1ssicos populares, entre valsas, sambas e choros. Enriquecendo ainda mais este belo trabalho, eles vem acompanhados por orquestra, com arranjos dos maestros Radam\u00e9s Gnattali e Carioca e ainda sob a reg\u00eancia do maestro Zaccarias. Embora n\u00e3o seja um disco cantado, com voz, na contracapa aparecem as letras das m\u00fasicas e conforme a informa\u00e7\u00e3o, essas foram colocadas no verso a pedido do pr\u00f3prio Jacob do Bandolim, dando assim ao trabalho uma forma completa. Muito bom, viu? N\u00e3o deixem de conferir&#8230;<\/div>\n<div class=\"separator\">\u00a0<\/div>\n<div class=\"separator\">caprichos do destino<\/div>\n<div class=\"separator\">longe dos olhos<\/div>\n<div class=\"separator\">l\u00e1 vai a baiana<\/div>\n<div class=\"separator\">cigana<\/div>\n<div class=\"separator\">j\u00e1 sei sorrir<\/div>\n<div class=\"separator\">da cor do pecado<\/div>\n<div class=\"separator\">l\u00e1bios que beijei<\/div>\n<div class=\"separator\">saudade dela<\/div>\n<div class=\"separator\">cessa tudo<\/div>\n<div class=\"separator\">jardim das flores raras<\/div>\n<div class=\"separator\">feiti\u00e7aria<\/div>\n<div class=\"separator\">serra da boa esperan\u00e7a<\/div>\n<div class=\"separator\">\u00a0<\/div>\n<div class=\"separator\">\u00a0<\/div>\n<div class=\"separator\">.<\/div>\n<div>\u00a0<\/div>","protected":false},"excerpt":{"rendered":"<p>Boa hora, caros amigos cultos e ocultos! Aqui vai mais um disco de instrumentista, no caso, um bel\u00edssimo e raro lp do grande bandolinista Jacob do Bandolim, acompanhado pelo conjunto \u00c9poca de Ouro. Este disco foi lan\u00e7ado no mesmo ano &hellip; <a href=\"https:\/\/www.toque-musicall.com\/?p=8895\">Continue lendo <span class=\"meta-nav\">&rarr;<\/span><\/a><\/p>\n","protected":false},"author":1,"featured_media":0,"comment_status":"closed","ping_status":"closed","sticky":false,"template":"","format":"standard","meta":{"footnotes":""},"categories":[921,4804,70],"tags":[4034,4806,3061],"class_list":["post-8895","post","type-post","status-publish","format-standard","hentry","category-conjunto-epoca-de-ouro","category-jacob-do-bandolin","category-selo-rca-victor","tag-conjunto-epoca-de-ouro","tag-jacob-do-bandolim","tag-selo-rca-victor"],"_links":{"self":[{"href":"https:\/\/www.toque-musicall.com\/index.php?rest_route=\/wp\/v2\/posts\/8895","targetHints":{"allow":["GET"]}}],"collection":[{"href":"https:\/\/www.toque-musicall.com\/index.php?rest_route=\/wp\/v2\/posts"}],"about":[{"href":"https:\/\/www.toque-musicall.com\/index.php?rest_route=\/wp\/v2\/types\/post"}],"author":[{"embeddable":true,"href":"https:\/\/www.toque-musicall.com\/index.php?rest_route=\/wp\/v2\/users\/1"}],"replies":[{"embeddable":true,"href":"https:\/\/www.toque-musicall.com\/index.php?rest_route=%2Fwp%2Fv2%2Fcomments&post=8895"}],"version-history":[{"count":1,"href":"https:\/\/www.toque-musicall.com\/index.php?rest_route=\/wp\/v2\/posts\/8895\/revisions"}],"predecessor-version":[{"id":8896,"href":"https:\/\/www.toque-musicall.com\/index.php?rest_route=\/wp\/v2\/posts\/8895\/revisions\/8896"}],"wp:attachment":[{"href":"https:\/\/www.toque-musicall.com\/index.php?rest_route=%2Fwp%2Fv2%2Fmedia&parent=8895"}],"wp:term":[{"taxonomy":"category","embeddable":true,"href":"https:\/\/www.toque-musicall.com\/index.php?rest_route=%2Fwp%2Fv2%2Fcategories&post=8895"},{"taxonomy":"post_tag","embeddable":true,"href":"https:\/\/www.toque-musicall.com\/index.php?rest_route=%2Fwp%2Fv2%2Ftags&post=8895"}],"curies":[{"name":"wp","href":"https:\/\/api.w.org\/{rel}","templated":true}]}}