{"id":89,"date":"2012-04-20T11:14:00","date_gmt":"2012-04-20T11:14:00","guid":{"rendered":"http:\/\/www.toque-musicall.com\/?p=89"},"modified":"2012-04-20T11:14:00","modified_gmt":"2012-04-20T11:14:00","slug":"oswaldo-montenegro-aldeia-dos-ventos-1987","status":"publish","type":"post","link":"https:\/\/www.toque-musicall.com\/?p=89","title":{"rendered":"Oswaldo Montenegro &#8211; Aldeia Dos Ventos (1987)"},"content":{"rendered":"<p><a href=\"http:\/\/1.bp.blogspot.com\/-AvR6ffGc1MQ\/T5FFrgT_LZI\/AAAAAAAABko\/52Bns0XHwWE\/s1600\/capa+P.JPG\"><img decoding=\"async\" style=\"display:block; margin:0px auto 10px; text-align:center;cursor:pointer; cursor:hand;width: 395px; height: 400px;\" src=\"http:\/\/1.bp.blogspot.com\/-AvR6ffGc1MQ\/T5FFrgT_LZI\/AAAAAAAABko\/52Bns0XHwWE\/s400\/capa+P.JPG\" border=\"0\" alt=\"\" id=\"BLOGGER_PHOTO_ID_5733440414329810322\" \/><\/a><a href=\"http:\/\/4.bp.blogspot.com\/-3deXlTJNZ2o\/T5FFnlWe5sI\/AAAAAAAABkc\/7ZfVNYXDEks\/s1600\/contracapa+P.JPG\"><img decoding=\"async\" style=\"display:block; margin:0px auto 10px; text-align:center;cursor:pointer; cursor:hand;width: 395px; height: 400px;\" src=\"http:\/\/4.bp.blogspot.com\/-3deXlTJNZ2o\/T5FFnlWe5sI\/AAAAAAAABkc\/7ZfVNYXDEks\/s400\/contracapa+P.JPG\" border=\"0\" alt=\"\" id=\"BLOGGER_PHOTO_ID_5733440346962978498\" \/><\/a>Bom dia, amigos cultos, ocultos e acomodados \ud83d\ude42 Por enquanto, quase ningu\u00e9m se manifestou, quanto a tudo o que tenho dito aqui. Est\u00e1 claro que a maioria n\u00e3o perde tempo com leitura, ainda mais se o principal vier de bandeja, por e-mail. Outros, ainda, que est\u00e3o chegando agora, tamb\u00e9m n\u00e3o se d\u00e3o ao trabalho de ler as informa\u00e7\u00f5es e orienta\u00e7\u00f5es do blog. Eu, de agora em diante, n\u00e3o vou ficar dando explica\u00e7\u00f5es para o que \u00e9 \u00f3bvio e expl\u00edcito. Quem n\u00e3o se tocar, vai ter que rebolar. Seja feio ou bonito, fraco ou espirituoso, inexpressivo ou insignificante, o que eu escrevo aqui \u00e9 para ser lido. Quem n\u00e3o se d\u00e1 ao trabalho da leitura tamb\u00e9m n\u00e3o merece ser lido (no meu caso, respondido). Pronto, j\u00e1 fiz a &#8216;paga\u00e7\u00e3o&#8217; do dia. Agora vamos \u00e0 postagem&#8230;<\/p>\n<div>Temos aqui o Oswaldo Montenegro estreando em grande estilo em nosso Toque Musical. Curiosamente, eu at\u00e9 ent\u00e3o nunca havia postado nada desse artista. E n\u00e3o \u00e9 por falta de discos ou simpatia pela sua obra, muito pelo contr\u00e1rio. Acho o Oswaldo Montenegro um grande artista e de uma certa forma, meio injusti\u00e7ado, figurando como uma estrela de segundo plano. Isso talvez me pare\u00e7a devido ao seu estilo plural. O cara passeia bem por diferentes caminhos, faz uma m\u00fasica que ultrapassa estilos e se coloca bem mais como um compositor do que como int\u00e9rprete. Acho que isso se deve muito ao fato da sua &#8216;veia teatral&#8217;. Sua m\u00fasica tem sempre algo de c\u00eanico e no geral sua estrutura mel\u00f3dica \u00e9 complexa e de muita qualidade. Isso talvez afaste a sua arte do chamado &#8216;g\u00eanero popular&#8217;. <\/div>\n<div>Neste \u00e1lbum, gravado em 1987, vamos encontrar um pouco de tudo isso que eu falei. &#8220;Aldeia dos ventos&#8221; foi concebido para ser um musical. Teve al\u00e9m desta, mais duas edi\u00e7\u00f5es posteriores com capas diferentes. Como se pode ver pela ilustra\u00e7\u00e3o da capa, participaram da grava\u00e7\u00e3o grandes nomes da nossa m\u00fasica, com destaque para Ney Matogrosso, Sivuca, Gonzaguinha, Jos\u00e9 Alexandre, Antonio Adolfo e Lucinha Lins. Pessoalmente, acho este um dos melhores trabalhos do Oswaldo, o qual eu chamaria de uma esp\u00e9cie de &#8216;progressivo&#8217;. At\u00e9 na capa a ideia nos remete \u00e0 um estilo de m\u00fasica &#8216;viajante&#8217;. Mas, pera\u00ed&#8230; n\u00e3o me entendam mal, n\u00e3o estou me referindo aqui \u00e0 bandas de rock. Eu viajei foi em outras paradas \ud83d\ude09<\/div>\n<div><\/div>\n<div style=\"text-align: center;\">a lenda do castelo &#8211; ney matogrosso<\/div>\n<div style=\"text-align: center;\">sempre n\u00e3o \u00e9 tod dia &#8211; zizi possi<\/div>\n<div style=\"text-align: center;\">can\u00e1rio amarelo &#8211; lucinha lins<\/div>\n<div style=\"text-align: center;\">o desajeitado e feliz &#8211; oswaldo montenegro e antonio adolfo<\/div>\n<div style=\"text-align: center;\">o pa\u00eds dos tristes &#8211; jos\u00e9 alexandre<\/div>\n<div style=\"text-align: center;\">o travesti &#8211; oswaldo montenegro e nejandro arbo<\/div>\n<div style=\"text-align: center;\">simpatia de giz &#8211; oswaldo montenegro<\/div>\n<div style=\"text-align: center;\">o pa\u00eds das atrizes &#8211; gl\u00f3ria pires<\/div>\n<div style=\"text-align: center;\">o pa\u00eds da esperan\u00e7a &#8211; gonzaguinha<\/div>\n<div style=\"text-align: center;\">o ap\u00eds dos apressados &#8211; sivuca e oswaldo montenegro<\/div>\n<div style=\"text-align: center;\">o pais das bruxas &#8211; jos\u00e9 alexandre<\/div>\n<div style=\"text-align: center;\">o pa\u00eds da vaidade &#8211; noel devas<\/div>\n<div style=\"text-align: center;\"><\/div>\n<div style=\"text-align: center;\"><\/div>\n","protected":false},"excerpt":{"rendered":"<p>Bom dia, amigos cultos, ocultos e acomodados \ud83d\ude42 Por enquanto, quase ningu\u00e9m se manifestou, quanto a tudo o que tenho dito aqui. Est\u00e1 claro que a maioria n\u00e3o perde tempo com leitura, ainda mais se o principal vier de bandeja, &hellip; <a href=\"https:\/\/www.toque-musicall.com\/?p=89\">Continue lendo <span class=\"meta-nav\">&rarr;<\/span><\/a><\/p>\n","protected":false},"author":1,"featured_media":0,"comment_status":"open","ping_status":"closed","sticky":false,"template":"","format":"standard","meta":{"footnotes":""},"categories":[169,25],"tags":[],"class_list":["post-89","post","type-post","status-publish","format-standard","hentry","category-oswaldo-montenegro","category-selo-independente"],"_links":{"self":[{"href":"https:\/\/www.toque-musicall.com\/index.php?rest_route=\/wp\/v2\/posts\/89","targetHints":{"allow":["GET"]}}],"collection":[{"href":"https:\/\/www.toque-musicall.com\/index.php?rest_route=\/wp\/v2\/posts"}],"about":[{"href":"https:\/\/www.toque-musicall.com\/index.php?rest_route=\/wp\/v2\/types\/post"}],"author":[{"embeddable":true,"href":"https:\/\/www.toque-musicall.com\/index.php?rest_route=\/wp\/v2\/users\/1"}],"replies":[{"embeddable":true,"href":"https:\/\/www.toque-musicall.com\/index.php?rest_route=%2Fwp%2Fv2%2Fcomments&post=89"}],"version-history":[{"count":0,"href":"https:\/\/www.toque-musicall.com\/index.php?rest_route=\/wp\/v2\/posts\/89\/revisions"}],"wp:attachment":[{"href":"https:\/\/www.toque-musicall.com\/index.php?rest_route=%2Fwp%2Fv2%2Fmedia&parent=89"}],"wp:term":[{"taxonomy":"category","embeddable":true,"href":"https:\/\/www.toque-musicall.com\/index.php?rest_route=%2Fwp%2Fv2%2Fcategories&post=89"},{"taxonomy":"post_tag","embeddable":true,"href":"https:\/\/www.toque-musicall.com\/index.php?rest_route=%2Fwp%2Fv2%2Ftags&post=89"}],"curies":[{"name":"wp","href":"https:\/\/api.w.org\/{rel}","templated":true}]}}