{"id":890,"date":"2010-04-01T22:47:00","date_gmt":"2010-04-01T22:47:00","guid":{"rendered":"http:\/\/www.toque-musicall.com\/?p=890"},"modified":"2010-04-01T22:47:00","modified_gmt":"2010-04-01T22:47:00","slug":"vinicius-de-moraes-nossa-filha-gabriela-1972","status":"publish","type":"post","link":"https:\/\/www.toque-musicall.com\/?p=890","title":{"rendered":"Vinicius de Moraes &#8211; Nossa Filha Gabriela (1972)"},"content":{"rendered":"<p><a href=\"http:\/\/4.bp.blogspot.com\/_DSKVEvHtskc\/S7Ui3H18nHI\/AAAAAAAAGYI\/NjaoO9bBTMg\/s1600\/folder.jpg\"><img decoding=\"async\" style=\"TEXT-ALIGN: center; MARGIN: 0px auto 10px; WIDTH: 396px; DISPLAY: block; HEIGHT: 400px; CURSOR: hand\" id=\"BLOGGER_PHOTO_ID_5455304854022691954\" border=\"0\" alt=\"\" src=\"http:\/\/4.bp.blogspot.com\/_DSKVEvHtskc\/S7Ui3H18nHI\/AAAAAAAAGYI\/NjaoO9bBTMg\/s400\/folder.jpg\" \/><\/a> Ol\u00e1 amigos cultos e ocultos! O tempo anda curto, mas o Toque Musical n\u00e3o pode parar. Ainda limpando a gaveta, tenho outro disco que sempre ficou esperando oportunidade. Temos aqui mais uma das boas trilhas de novela feita pela dupla Toquinho e Vin\u00edcius. &#8220;Nossa Filha Gabriela&#8221; foi uma novela da extinta TV Tupi, dirigida por Carlos Zara e que foi ao ar em 1971. Foi a primeira vez que uma telenovela recebeu um tratamento musical como este, com uma trilha exclusiva, como no cinema. Depois dessa experi\u00eancia a dupla viria a fazer mais sucesso em novas m\u00fasicas destinadas \u00e0 teledramaturgia, como &#8220;O Bem Amado&#8221; e &#8220;Fogo Sobre a Terra&#8221;. Este disco tem tamb\u00e9m como destaque Vinicius cantando. Acho que depois das experi\u00eancias em diversos shows e no Circuito Universit\u00e1rio, o poeta resolveu soltar um pouco mais a voz.<\/p>\n<div align=\"center\">sei l\u00e1&#8230; a vida tem sempre raz\u00e3o<\/div>\n<div align=\"center\">amor e solid\u00e3o<\/div>\n<div align=\"center\">ele e ela<\/div>\n<div align=\"center\">modinha 1<\/div>\n<div align=\"center\">o c\u00e9u e o meu ch\u00e3o<\/div>\n<div align=\"center\">la casa (di\u00e1logo)<\/div>\n<div align=\"center\">la casa<\/div>\n<div align=\"center\">valsa para uma menininha<\/div>\n<div align=\"center\">a rosa desfolhada<\/div>\n<div align=\"center\">o pato<\/div>\n<div align=\"center\">modinha 1 (toquinho)<\/div>\n<div align=\"center\">o c\u00e9u e o meu ch\u00e3o<\/div>\n<div align=\"center\"> <\/div>\n<div align=\"center\"> <\/div>\n","protected":false},"excerpt":{"rendered":"<p>Ol\u00e1 amigos cultos e ocultos! O tempo anda curto, mas o Toque Musical n\u00e3o pode parar. Ainda limpando a gaveta, tenho outro disco que sempre ficou esperando oportunidade. Temos aqui mais uma das boas trilhas de novela feita pela dupla &hellip; <a href=\"https:\/\/www.toque-musicall.com\/?p=890\">Continue lendo <span class=\"meta-nav\">&rarr;<\/span><\/a><\/p>\n","protected":false},"author":1,"featured_media":0,"comment_status":"open","ping_status":"closed","sticky":false,"template":"","format":"standard","meta":{"footnotes":""},"categories":[1196,346,1119],"tags":[],"class_list":["post-890","post","type-post","status-publish","format-standard","hentry","category-novela-nossa-filha-gabriela","category-trilhas","category-vinicius-de-moraes"],"_links":{"self":[{"href":"https:\/\/www.toque-musicall.com\/index.php?rest_route=\/wp\/v2\/posts\/890","targetHints":{"allow":["GET"]}}],"collection":[{"href":"https:\/\/www.toque-musicall.com\/index.php?rest_route=\/wp\/v2\/posts"}],"about":[{"href":"https:\/\/www.toque-musicall.com\/index.php?rest_route=\/wp\/v2\/types\/post"}],"author":[{"embeddable":true,"href":"https:\/\/www.toque-musicall.com\/index.php?rest_route=\/wp\/v2\/users\/1"}],"replies":[{"embeddable":true,"href":"https:\/\/www.toque-musicall.com\/index.php?rest_route=%2Fwp%2Fv2%2Fcomments&post=890"}],"version-history":[{"count":0,"href":"https:\/\/www.toque-musicall.com\/index.php?rest_route=\/wp\/v2\/posts\/890\/revisions"}],"wp:attachment":[{"href":"https:\/\/www.toque-musicall.com\/index.php?rest_route=%2Fwp%2Fv2%2Fmedia&parent=890"}],"wp:term":[{"taxonomy":"category","embeddable":true,"href":"https:\/\/www.toque-musicall.com\/index.php?rest_route=%2Fwp%2Fv2%2Fcategories&post=890"},{"taxonomy":"post_tag","embeddable":true,"href":"https:\/\/www.toque-musicall.com\/index.php?rest_route=%2Fwp%2Fv2%2Ftags&post=890"}],"curies":[{"name":"wp","href":"https:\/\/api.w.org\/{rel}","templated":true}]}}