{"id":8900,"date":"2021-10-28T07:13:00","date_gmt":"2021-10-28T10:13:00","guid":{"rendered":"https:\/\/www.toque-musicall.com\/?p=8900"},"modified":"2021-10-30T07:15:21","modified_gmt":"2021-10-30T10:15:21","slug":"waldir-azevedo-1977","status":"publish","type":"post","link":"https:\/\/www.toque-musicall.com\/?p=8900","title":{"rendered":"Waldir Azevedo (1977)"},"content":{"rendered":"\n<figure class=\"wp-block-image size-large\"><img decoding=\"async\" src=\"https:\/\/blogger.googleusercontent.com\/img\/a\/AVvXsEi3tWmsDqJP-uJPtDxQ8q6MmLjvMb72Bv2V4UHpp9tKrwJPC8K25Q8ICwkSJSKdKVHIG-K5foxjGoMl_GE-zbtWhy8DHXAgJHv5XkR2CXasaa07U3_LhTAKkZ-adWVlyXsiaB_M_s7ZhCPGlqUoukmBuNgQU799RamS7GLjyWEyU7SkflE7_3_s8sf3IQ=w618-h640\" alt=\"\"\/><\/figure>\n\n\n\n<figure class=\"wp-block-image size-large\"><img decoding=\"async\" src=\"https:\/\/blogger.googleusercontent.com\/img\/a\/AVvXsEgSBuA79HolztySEuaEmeS5iacEySJUwCN4jBiKQQ9zrqpfJNItpwPUL0iohjCzcwj9ller9CqTl_0W1ns2_UWGpQFpuPh0q03VFLhgKBR9G0ehG9tWyj0i1hEpZN_NZUm_ys0EWvzXwDq7R0GgB7HlntJkw0YG-wSO3NeguASPkwRdLOoQpH8KCos95w=w634-h640\" alt=\"\"\/><\/figure>\n\n\n<div class=\"separator\">Ol\u00e1, meus car\u00edssimos amigos cultos e ocultos! Nosso encontro hoje \u00e9 com Waldir Azevedo, um dos mais destacados cavaquinistas do Brasil, refer\u00eancia inquestion\u00e1vel tamb\u00e9m no choro e na seresta. Um m\u00fasico excepcional. Al\u00e9m de alguns discos dele que j\u00e1 postamos aqui, sua presen\u00e7a tamb\u00e9m est\u00e1 em diversos outros discos e de diferentes artistas. Assim e mais uma vez aqui temos dele este belo trabalho hom\u00f4nimo, lan\u00e7ado em 1977 pelo selo Continental. Segundo o pr\u00f3prio artista, este foi o primeiro disco que ele gravou em S\u00e3o Paulo e para tanto, procurou fazer uma sele\u00e7\u00e3o que homenageasse todo o Brasil, com temas de diversos pontos do pa\u00eds, muitas dessas m\u00fasicas, hoje s\u00e3o cl\u00e1ssicos populares. Mas cabe ainda umas tr\u00eas faixas autorais que completam, de maneira pessoal a assinatura de Waldir Azevedo. Vamos conferir? \ud83d\ude09<\/div>\n<div class=\"separator\">\u00a0<\/div>\n<div class=\"separator\">flor do cerrado<\/div>\n<div class=\"separator\">magoado<\/div>\n<div class=\"separator\">contraste<\/div>\n<div class=\"separator\">\u00e9 do que h\u00e1<\/div>\n<div class=\"separator\">ch\u00e3o de estrelas<\/div>\n<div class=\"separator\">pra esquecer<\/div>\n<div class=\"separator\">vassourinhas<\/div>\n<div class=\"separator\">cavaquinho seresteiro<\/div>\n<div class=\"separator\">choro negro<\/div>\n<div class=\"separator\">brejeiro<\/div>\n<div class=\"separator\">flor do abacate<\/div>\n<div class=\"separator\">s\u00e3o paulo quatrocent\u00e3o<\/div>\n<div class=\"separator\">\u00a0<\/div>\n<div class=\"separator\">\u00a0<\/div>\n<div class=\"separator\">.<\/div>","protected":false},"excerpt":{"rendered":"<p>Ol\u00e1, meus car\u00edssimos amigos cultos e ocultos! Nosso encontro hoje \u00e9 com Waldir Azevedo, um dos mais destacados cavaquinistas do Brasil, refer\u00eancia inquestion\u00e1vel tamb\u00e9m no choro e na seresta. Um m\u00fasico excepcional. Al\u00e9m de alguns discos dele que j\u00e1 postamos &hellip; <a href=\"https:\/\/www.toque-musicall.com\/?p=8900\">Continue lendo <span class=\"meta-nav\">&rarr;<\/span><\/a><\/p>\n","protected":false},"author":1,"featured_media":0,"comment_status":"closed","ping_status":"closed","sticky":false,"template":"","format":"standard","meta":{"footnotes":""},"categories":[40,74],"tags":[3327,4086],"class_list":["post-8900","post","type-post","status-publish","format-standard","hentry","category-selo-continental","category-waldir-azevedo","tag-selo-continental","tag-waldir-azevedo"],"_links":{"self":[{"href":"https:\/\/www.toque-musicall.com\/index.php?rest_route=\/wp\/v2\/posts\/8900","targetHints":{"allow":["GET"]}}],"collection":[{"href":"https:\/\/www.toque-musicall.com\/index.php?rest_route=\/wp\/v2\/posts"}],"about":[{"href":"https:\/\/www.toque-musicall.com\/index.php?rest_route=\/wp\/v2\/types\/post"}],"author":[{"embeddable":true,"href":"https:\/\/www.toque-musicall.com\/index.php?rest_route=\/wp\/v2\/users\/1"}],"replies":[{"embeddable":true,"href":"https:\/\/www.toque-musicall.com\/index.php?rest_route=%2Fwp%2Fv2%2Fcomments&post=8900"}],"version-history":[{"count":1,"href":"https:\/\/www.toque-musicall.com\/index.php?rest_route=\/wp\/v2\/posts\/8900\/revisions"}],"predecessor-version":[{"id":8901,"href":"https:\/\/www.toque-musicall.com\/index.php?rest_route=\/wp\/v2\/posts\/8900\/revisions\/8901"}],"wp:attachment":[{"href":"https:\/\/www.toque-musicall.com\/index.php?rest_route=%2Fwp%2Fv2%2Fmedia&parent=8900"}],"wp:term":[{"taxonomy":"category","embeddable":true,"href":"https:\/\/www.toque-musicall.com\/index.php?rest_route=%2Fwp%2Fv2%2Fcategories&post=8900"},{"taxonomy":"post_tag","embeddable":true,"href":"https:\/\/www.toque-musicall.com\/index.php?rest_route=%2Fwp%2Fv2%2Ftags&post=8900"}],"curies":[{"name":"wp","href":"https:\/\/api.w.org\/{rel}","templated":true}]}}