{"id":8911,"date":"2021-11-01T09:22:14","date_gmt":"2021-11-01T12:22:14","guid":{"rendered":"https:\/\/www.toque-musicall.com\/?p=8911"},"modified":"2021-11-01T09:22:14","modified_gmt":"2021-11-01T12:22:14","slug":"doris-monteiro-e-lucio-alves-no-projeto-pixinguinha-1978","status":"publish","type":"post","link":"https:\/\/www.toque-musicall.com\/?p=8911","title":{"rendered":"Doris Monteiro E L\u00facio Alves &#8211; No Projeto Pixinguinha (1978)"},"content":{"rendered":"\n<figure class=\"wp-block-image size-large\"><img decoding=\"async\" src=\"https:\/\/blogger.googleusercontent.com\/img\/a\/AVvXsEig13ADnIspItIE59A_obYTik58QdN7azdDtclImuRmSjJP_V0gAYdIJ9Tzv8t7I1jfzDMBMsf2tyvJQv2UNcaZMBeJsIWRVJm0qsI2mr0WIAcHyJ6tktDdsTKYl3JmoEIfmYuQYgLZagX8EyjQckZR4dFIrLM1KGpiA5FEs0NUD7yT3HjMHZ-3XtXH3Q=w640-h640\" alt=\"\"\/><\/figure>\n\n\n\n<figure class=\"wp-block-image size-large\"><img decoding=\"async\" src=\"https:\/\/blogger.googleusercontent.com\/img\/a\/AVvXsEjw4EJeneOI9RkF46IIEBsKwvVEE4jCUBvT3jiFR_TZSQrwlCsCETDJ-pH4lZKchoY6fH4CnKB6g-dXGl--pT_60ky6WskdiF9r02aTXXYpnMLGztH0ekuUh2IA-Qac8MTzHyUsRqEUsZFJeK5m6L6lig5qeDmYl4O-1zKRH4AkkU8QQRVzpr49R7PH5A=w632-h640\" alt=\"\"\/><\/figure>\n\n\n<div class=\"separator\">Muito bom dia a tod@s, amigos cultos e ocultos! Aqui come\u00e7amos as postagens do m\u00eas de novembro e para tanto, abrimos com um excelente disco ao vivo. Aqui temos Doris Monteiro e L\u00facio Alves numa hist\u00f3rica apresenta\u00e7\u00e3o, em show dentro do saudoso Projeto Pixinguinha.\u00a0<\/div>\n<div class=\"separator\">Embora j\u00e1 tenhamos postado aqui v\u00e1rios momentos de shows deste projeto e aqui tamb\u00e9m falado um pouco sobre ele, achei que seria interessante visitar o site da Funarte e rever aquela riqueza de material por l\u00e1 publicado, inclusive os \u00e1udios integrais de diversos shows que rolaram ao longo de sua exist\u00eancia. Mas, que tamanha decep\u00e7\u00e3o&#8230; Para n\u00e3o dizer tristeza. O site da Funarte j\u00e1 n\u00e3o \u00e9 mais o mesmo. Meus deuses, o que fizeram??? Pqp! Cagaram o site todo! Acabaram com tudo. Esse (des)governo est\u00e1 mesmo desmontando a cultura brasileira. Realmente, n\u00e3o tem como n\u00e3o acreditar que isso foi planejado. Est\u00e3o desmontando e destruindo tudo que foi constru\u00eddo desde a Abertura, na Cultura e Educa\u00e7\u00e3o. Que infelicidade termos um governo assim. Mais triste ainda \u00e9 pensar nesse povo que ajudou esse bando de idiotas, gente bandida e desqualificada a assumir o poder. \u00c9 numa hora dessas que eu me pergunto, de onde saiu toda essa gente tosca? Que regress\u00e3o&#8230; Como faz falta a Educa\u00e7\u00e3o e Cultura nesse Brasil! Desanimador&#8230;<\/div>\n<div class=\"separator\">Mas para n\u00e3o broxar de vez, s\u00f3 sendo resiliente, forte e dando um fodas pra essa gente. Sorte minha que antes de desmontarem todo o site da Funarte eu procurei baixar tudo o que era baix\u00e1vel, pois sei que nada dura tanto quanto o Toque Musical. N\u00e3o d\u00e1 para confiar em nuvem, em site e nem mesmo no HD do seu computador. Melhor mesmo \u00e9 ter backup, c\u00f3pias de tudo e preferencialmente em dois ou tr\u00eas HDs.<\/div>\n<div class=\"separator\">Ainda tenho alguns arquivos de \u00e1udio extra\u00eddos de shows do Projeto Pixinguinha. Numa hora dessas em que eu tiver mais tempo, vou trazer para c\u00e1, pois vejo que este \u00e9 o \u00fanico lugar onde ainda \u00e9 poss\u00edvel acessar coisas como essas.<\/div>\n<div class=\"separator\">Por hora, ficamos com este registro oficial, lan\u00e7ado em 1978 pela EMI. Aqui, uma dobradinha entre dois talentos, como era o molde do projeto, em um mesmo palco se apresentavam dois diferentes artistas. No caso aqui, at\u00e9 que n\u00e3o, Doris e L\u00facio tem muito em comum e esse show deve ter sido mesmo uma maravilha. Disco imperd\u00edvel, n\u00e3o deixem de conferir no nosso GTM&#8230;<\/div>\n<div class=\"separator\">\u00a0<\/div>\n<div class=\"separator\">mudando de conversa &#8211; l\u00facio e doris<\/div>\n<div class=\"separator\">pra dizer adeus &#8211; l\u00facio alves<\/div>\n<div class=\"separator\">conversa de botequim &#8211; doris monteiro<\/div>\n<div class=\"separator\">s\u00e1bado em copacabana &#8211; duas contas &#8211; l\u00facio alves<\/div>\n<div class=\"separator\">se voc\u00ea se importasse &#8211; doris monteiro<\/div>\n<div class=\"separator\">raz\u00e3o de viver &#8211; l\u00facio alves<\/div>\n<div class=\"separator\">de conversa em conversa &#8211; doris e l\u00facio<\/div>\n<div class=\"separator\">\u00e9 isso a\u00ed &#8211; al\u00f4 fevereiro &#8211; doris monteiro<\/div>\n<div class=\"separator\">garota de ipanema &#8211; l\u00facio alves<\/div>\n<div class=\"separator\">d\u00f3 r\u00e9 mi &#8211; gra\u00e7as a deus &#8211; doris monteiro<\/div>\n<div class=\"separator\">valsa de uma cidade &#8211; l\u00facio alves<\/div>\n<div class=\"separator\">mocinho bonito &#8211; doris monteiro<\/div>\n<div class=\"separator\">\u00a0<\/div>\n<div class=\"separator\">\u00a0<\/div>\n<div class=\"separator\">.<\/div>\n<p>\u00a0<\/p>","protected":false},"excerpt":{"rendered":"<p>Muito bom dia a tod@s, amigos cultos e ocultos! Aqui come\u00e7amos as postagens do m\u00eas de novembro e para tanto, abrimos com um excelente disco ao vivo. Aqui temos Doris Monteiro e L\u00facio Alves numa hist\u00f3rica apresenta\u00e7\u00e3o, em show dentro &hellip; <a href=\"https:\/\/www.toque-musicall.com\/?p=8911\">Continue lendo <span class=\"meta-nav\">&rarr;<\/span><\/a><\/p>\n","protected":false},"author":1,"featured_media":0,"comment_status":"closed","ping_status":"closed","sticky":false,"template":"","format":"standard","meta":{"footnotes":""},"categories":[200,645,244],"tags":[4751,4781,3680],"class_list":["post-8911","post","type-post","status-publish","format-standard","hentry","category-doris-monteiro","category-lucio-alves","category-selo-emi-odeon","tag-doris-monteiro","tag-lucio-alves","tag-selo-emi-odeon"],"_links":{"self":[{"href":"https:\/\/www.toque-musicall.com\/index.php?rest_route=\/wp\/v2\/posts\/8911","targetHints":{"allow":["GET"]}}],"collection":[{"href":"https:\/\/www.toque-musicall.com\/index.php?rest_route=\/wp\/v2\/posts"}],"about":[{"href":"https:\/\/www.toque-musicall.com\/index.php?rest_route=\/wp\/v2\/types\/post"}],"author":[{"embeddable":true,"href":"https:\/\/www.toque-musicall.com\/index.php?rest_route=\/wp\/v2\/users\/1"}],"replies":[{"embeddable":true,"href":"https:\/\/www.toque-musicall.com\/index.php?rest_route=%2Fwp%2Fv2%2Fcomments&post=8911"}],"version-history":[{"count":1,"href":"https:\/\/www.toque-musicall.com\/index.php?rest_route=\/wp\/v2\/posts\/8911\/revisions"}],"predecessor-version":[{"id":8912,"href":"https:\/\/www.toque-musicall.com\/index.php?rest_route=\/wp\/v2\/posts\/8911\/revisions\/8912"}],"wp:attachment":[{"href":"https:\/\/www.toque-musicall.com\/index.php?rest_route=%2Fwp%2Fv2%2Fmedia&parent=8911"}],"wp:term":[{"taxonomy":"category","embeddable":true,"href":"https:\/\/www.toque-musicall.com\/index.php?rest_route=%2Fwp%2Fv2%2Fcategories&post=8911"},{"taxonomy":"post_tag","embeddable":true,"href":"https:\/\/www.toque-musicall.com\/index.php?rest_route=%2Fwp%2Fv2%2Ftags&post=8911"}],"curies":[{"name":"wp","href":"https:\/\/api.w.org\/{rel}","templated":true}]}}