{"id":8916,"date":"2021-11-03T08:21:00","date_gmt":"2021-11-03T11:21:00","guid":{"rendered":"https:\/\/www.toque-musicall.com\/?p=8916"},"modified":"2021-11-04T22:26:01","modified_gmt":"2021-11-05T01:26:01","slug":"desafio-das-contas-soma-1974","status":"publish","type":"post","link":"https:\/\/www.toque-musicall.com\/?p=8916","title":{"rendered":"Desafio Das Contas [Soma] (1974)"},"content":{"rendered":"\n<figure class=\"wp-block-image size-large\"><img decoding=\"async\" src=\"https:\/\/blogger.googleusercontent.com\/img\/a\/AVvXsEhTdv6w6SlxSTDWTuxDCgjjLwQ55xj8EXm0q10rswRm-1biDGkRyavc5_8ZKekixijwlfXSXvcL5F3FDb76vRuORCzBSg3thhNcOxmLgyYQqb4wckuNgag5QP-Hek3K7D9NEqE2rEEtjhKvwMz0QbxIS01jyBXi42sc0rxD3EpLrzATEL22b8p47hPSBg=w634-h640\" alt=\"\"\/><\/figure>\n\n\n\n<figure class=\"wp-block-image size-large\"><img decoding=\"async\" src=\"https:\/\/blogger.googleusercontent.com\/img\/a\/AVvXsEhyDrU0Edc68wUaW7AREQwpqWs0KdxwChs7z-ItUcESaSsfzO1VnzKTDghqw9pY86RRQp1pBmsYyokAPsCBR9ZKz70peqVul0Al1gvOQ_HzFHcjetJLzsHcrnEouN79UQ5E5JcFZkoTz-xpQ8p5yCiyix0U7kvajkH7IKqwW6LKkwPwnNyOndx6fsAetw=w640-h634\" alt=\"\"\/><\/figure>\n\n\n<div class=\"separator\">Bom dia, amiguinhos cultos e ocultos! Saindo um pouco do comum, ou fazendo jus ao nosso lema de ouvir com outros olhos, hoje temos em nossas postagens um disquinho dedicado ao p\u00fablico infantil, o infantil que fomos n\u00f3s, hoje pessoas adultas. Sim, este disco foi lan\u00e7ado em 1974, pela Continental e para o seu selo Corujinha. Quem est\u00e1 a\u00ed por volta dos 50 anos deve se lembrar. Trata-se de um trabalho produzido e de autoria de Nazareno de Brito, com arranjos e reg\u00eancia do maestro Renato de Oliveira. Uma feliz ideia para ensinar as crian\u00e7as a somar, fazer da matem\u00e1tica uma divers\u00e3o e um aprendizado f\u00e1cil, na base da decoreba. Ali\u00e1s, a melhor maneira de decoreba que eu conhe\u00e7o, pois n\u00e3o h\u00e1 nada melhor que lembrar atrav\u00e9s da m\u00fasica. Al\u00e9m de ser \u00fatil \u00e9 tamb\u00e9m divertido e um trabalho musical muito bem produzido. Neste, al\u00e9m dos personagens, temos tamb\u00e9m um coral no qual se destaca a presen\u00e7a do grupo Titulares do Ritmo e tamb\u00e9m as vozes femininas de Lurdes, Magda e Judith (seriam As Gatas?). Em resumo, um disquinho divertido que ir\u00e1 agradar at\u00e9 mesmo as crian\u00e7as de hoje em dia.\u00a0<\/div>\n<div class=\"separator\">Vamos conferir esta soma no GTM? \ud83d\ude42<\/div>\n<div class=\"separator\">\u00a0<\/div>\n<div class=\"separator\">abertura<\/div>\n<div class=\"separator\">conta do +1<\/div>\n<div class=\"separator\">conta do +2<\/div>\n<div class=\"separator\">conta do +3<\/div>\n<div class=\"separator\">conta do +4<\/div>\n<div class=\"separator\">conta do +5<\/div>\n<div class=\"separator\">conta do +6<\/div>\n<div class=\"separator\">conta do +7<\/div>\n<div class=\"separator\">conta do +8<\/div>\n<div class=\"separator\">conta do +9<\/div>\n<div class=\"separator\">\u00a0<\/div>\n<div class=\"separator\">\u00a0<\/div>\n<div class=\"separator\">.<\/div>","protected":false},"excerpt":{"rendered":"<p>Bom dia, amiguinhos cultos e ocultos! Saindo um pouco do comum, ou fazendo jus ao nosso lema de ouvir com outros olhos, hoje temos em nossas postagens um disquinho dedicado ao p\u00fablico infantil, o infantil que fomos n\u00f3s, hoje pessoas &hellip; <a href=\"https:\/\/www.toque-musicall.com\/?p=8916\">Continue lendo <span class=\"meta-nav\">&rarr;<\/span><\/a><\/p>\n","protected":false},"author":1,"featured_media":0,"comment_status":"closed","ping_status":"closed","sticky":false,"template":"","format":"standard","meta":{"footnotes":""},"categories":[4826,449,40,4827,308],"tags":[4828,3558,3327,4829,4153],"class_list":["post-8916","post","type-post","status-publish","format-standard","hentry","category-nazareno-de-brito","category-renato-de-oliveira","category-selo-continental","category-selo-corujinha","category-titulares-do-ritmo","tag-nazareno-de-brito","tag-renato-de-oliveira","tag-selo-continental","tag-selo-corujinha","tag-titulares-do-ritmo"],"_links":{"self":[{"href":"https:\/\/www.toque-musicall.com\/index.php?rest_route=\/wp\/v2\/posts\/8916","targetHints":{"allow":["GET"]}}],"collection":[{"href":"https:\/\/www.toque-musicall.com\/index.php?rest_route=\/wp\/v2\/posts"}],"about":[{"href":"https:\/\/www.toque-musicall.com\/index.php?rest_route=\/wp\/v2\/types\/post"}],"author":[{"embeddable":true,"href":"https:\/\/www.toque-musicall.com\/index.php?rest_route=\/wp\/v2\/users\/1"}],"replies":[{"embeddable":true,"href":"https:\/\/www.toque-musicall.com\/index.php?rest_route=%2Fwp%2Fv2%2Fcomments&post=8916"}],"version-history":[{"count":1,"href":"https:\/\/www.toque-musicall.com\/index.php?rest_route=\/wp\/v2\/posts\/8916\/revisions"}],"predecessor-version":[{"id":8917,"href":"https:\/\/www.toque-musicall.com\/index.php?rest_route=\/wp\/v2\/posts\/8916\/revisions\/8917"}],"wp:attachment":[{"href":"https:\/\/www.toque-musicall.com\/index.php?rest_route=%2Fwp%2Fv2%2Fmedia&parent=8916"}],"wp:term":[{"taxonomy":"category","embeddable":true,"href":"https:\/\/www.toque-musicall.com\/index.php?rest_route=%2Fwp%2Fv2%2Fcategories&post=8916"},{"taxonomy":"post_tag","embeddable":true,"href":"https:\/\/www.toque-musicall.com\/index.php?rest_route=%2Fwp%2Fv2%2Ftags&post=8916"}],"curies":[{"name":"wp","href":"https:\/\/api.w.org\/{rel}","templated":true}]}}