{"id":8918,"date":"2021-11-04T22:28:37","date_gmt":"2021-11-05T01:28:37","guid":{"rendered":"https:\/\/www.toque-musicall.com\/?p=8918"},"modified":"2021-11-04T22:28:37","modified_gmt":"2021-11-05T01:28:37","slug":"moacyr-franco-show-1970","status":"publish","type":"post","link":"https:\/\/www.toque-musicall.com\/?p=8918","title":{"rendered":"Moacyr Franco Show (1970)"},"content":{"rendered":"\n<figure class=\"wp-block-image size-large\"><img decoding=\"async\" src=\"https:\/\/blogger.googleusercontent.com\/img\/a\/AVvXsEiMyVWb9MmDOo6TwTu9AYvXxa43cfkUxI9-jsJRonY7MbJij2T0lD4iKWX_kPogsY692zCmfIuMR2rOXDJlmAVRPsTPJOgK0z82P4HoSqgpHQ561MnM7Nr8QNaFwiNEU6LZ5CFnZ2CvkkIZmzsbJKi6VHn_dYGyQT0XOzhyXqFth5963NjsxIyOPbcMuA=w638-h640\" alt=\"\"\/><\/figure>\n\n\n\n<figure class=\"wp-block-image size-large\"><img decoding=\"async\" src=\"https:\/\/blogger.googleusercontent.com\/img\/a\/AVvXsEhGf8H6Xv5jTabLNs5IjG1mOon2YMkwyRV8N82sR0BKeUKYCXoCCNZmn5oWCvyWZ8D_YVz8f_jEUElF7bM2_jJssnu7cc_vsVK3r9WtUOBJtRG3_kiOmyU6_eP5l9xiBZC5f_YqPFBRkK6jrjgkTIlIjf8MPlU0qB1JXwfxw2CW6hqZoCRLyWF6UCVoig=w634-h640\" alt=\"\"\/><\/figure>\n\n\n<div class=\"separator\">Boa hora, amigos cultos e ocultos! Vejam voc\u00eas&#8230; Ao longo de toda a exist\u00eancia do Toque Musical, at\u00e9 hoje eu n\u00e3o havia postado nenhum disco do Moacyr Franco. Uma injusti\u00e7a, convenhamos, afinal ele foi e ainda \u00e9 um grande artista. Me lembro muito bem dele, principalmente em programas de televis\u00e3o onde ele mesclava m\u00fasica e humor. Moacyr Franco nasceu na cidade de Ituiutaba, aqui em Minas Gerais. Cantor, compositor, ator, humorista e (para queimar o filme) pol\u00edtico, chegou a ser deputado. Gravou v\u00e1rios discos ao longo de sua carreira e como compositor tem m\u00fasica para todo gosto, sempre foi muito ecl\u00e9tico.\u00a0<\/div>\n<div class=\"separator\">Aqui temos dele o lp &#8220;Moacyr Franco Show&#8221;, que viria a ser tamb\u00e9m o nome de seu mais famoso e duradouro programa de televis\u00e3o. Foi exibido de 1972 at\u00e9 77, pela Rede Globo. Neste disco temos um repert\u00f3rio variado com temas autorais, vers\u00f5es de m\u00fasicas internacionais e tamb\u00e9m de outros compositores, inclusive uma m\u00fasica do Rei do Futebol, nosso grande \u00eddolo, Pel\u00e9. O disco \u00e9 realmente muito interessante e vale a pena relembrar&#8230;<\/div>\n<div class=\"separator\">\u00a0<\/div>\n<div class=\"separator\">eu amo tanto tanto<\/div>\n<div class=\"separator\">decis\u00e3o<\/div>\n<div class=\"separator\">pior \u00e9 n\u00e3o ter por quem chorar<\/div>\n<div class=\"separator\">canta que passa<\/div>\n<div class=\"separator\">vem\u00a0<\/div>\n<div class=\"separator\">fogos de artif\u00edcio<\/div>\n<div class=\"separator\">balada para um louco<\/div>\n<div class=\"separator\">cristina<\/div>\n<div class=\"separator\">prel\u00fadio da namorada<\/div>\n<div class=\"separator\">olinda dos velhos tempos<\/div>\n<div class=\"separator\">hoje<\/div>\n<div class=\"separator\">por enquanto adeus<\/div>\n<div class=\"separator\">\u00a0<\/div>\n<div class=\"separator\">\u00a0<\/div>\n<div class=\"separator\">.<\/div>","protected":false},"excerpt":{"rendered":"<p>Boa hora, amigos cultos e ocultos! Vejam voc\u00eas&#8230; Ao longo de toda a exist\u00eancia do Toque Musical, at\u00e9 hoje eu n\u00e3o havia postado nenhum disco do Moacyr Franco. Uma injusti\u00e7a, convenhamos, afinal ele foi e ainda \u00e9 um grande artista. &hellip; <a href=\"https:\/\/www.toque-musicall.com\/?p=8918\">Continue lendo <span class=\"meta-nav\">&rarr;<\/span><\/a><\/p>\n","protected":false},"author":1,"featured_media":0,"comment_status":"closed","ping_status":"closed","sticky":false,"template":"","format":"standard","meta":{"footnotes":""},"categories":[4735,40],"tags":[4737,3327],"class_list":["post-8918","post","type-post","status-publish","format-standard","hentry","category-moacyr-franco","category-selo-continental","tag-moacyr-franco","tag-selo-continental"],"_links":{"self":[{"href":"https:\/\/www.toque-musicall.com\/index.php?rest_route=\/wp\/v2\/posts\/8918","targetHints":{"allow":["GET"]}}],"collection":[{"href":"https:\/\/www.toque-musicall.com\/index.php?rest_route=\/wp\/v2\/posts"}],"about":[{"href":"https:\/\/www.toque-musicall.com\/index.php?rest_route=\/wp\/v2\/types\/post"}],"author":[{"embeddable":true,"href":"https:\/\/www.toque-musicall.com\/index.php?rest_route=\/wp\/v2\/users\/1"}],"replies":[{"embeddable":true,"href":"https:\/\/www.toque-musicall.com\/index.php?rest_route=%2Fwp%2Fv2%2Fcomments&post=8918"}],"version-history":[{"count":1,"href":"https:\/\/www.toque-musicall.com\/index.php?rest_route=\/wp\/v2\/posts\/8918\/revisions"}],"predecessor-version":[{"id":8919,"href":"https:\/\/www.toque-musicall.com\/index.php?rest_route=\/wp\/v2\/posts\/8918\/revisions\/8919"}],"wp:attachment":[{"href":"https:\/\/www.toque-musicall.com\/index.php?rest_route=%2Fwp%2Fv2%2Fmedia&parent=8918"}],"wp:term":[{"taxonomy":"category","embeddable":true,"href":"https:\/\/www.toque-musicall.com\/index.php?rest_route=%2Fwp%2Fv2%2Fcategories&post=8918"},{"taxonomy":"post_tag","embeddable":true,"href":"https:\/\/www.toque-musicall.com\/index.php?rest_route=%2Fwp%2Fv2%2Ftags&post=8918"}],"curies":[{"name":"wp","href":"https:\/\/api.w.org\/{rel}","templated":true}]}}