{"id":8920,"date":"2021-11-05T09:28:04","date_gmt":"2021-11-05T12:28:04","guid":{"rendered":"http:\/\/www.toque-musicall.com\/?p=8920"},"modified":"2021-11-05T09:28:04","modified_gmt":"2021-11-05T12:28:04","slug":"juca-de-oliveira-fragmentos-da-poesia-latino-americana-de-protesto-1980","status":"publish","type":"post","link":"https:\/\/www.toque-musicall.com\/?p=8920","title":{"rendered":"Juca De Oliveira &#8211; Fragmentos Da Poesia Latino-Americana De Protesto (1980)"},"content":{"rendered":"\n<figure class=\"wp-block-image size-large\"><img decoding=\"async\" src=\"https:\/\/blogger.googleusercontent.com\/img\/a\/AVvXsEg9c0LGjjOpL5nfWb9cEhuMXJk53rD7uJM3XEiY5C2u_67dFzqxpoRU3OoVUt3VtOLeQmAWO2KkzW_oQjttM9gEXEX-x_1IZRlJypBg-I22kksxZ4ebvaoVFNmmHxWCXhW_bSvnkn_xviMktX8clb4oUQCEwldU5Ws4Cqu_7UTd-QMP9L9moZRofXibBQ=w640-h638\" alt=\"\"\/><\/figure>\n\n\n\n<figure class=\"wp-block-image size-large\"><img decoding=\"async\" src=\"https:\/\/blogger.googleusercontent.com\/img\/a\/AVvXsEjzefwvXtxOBgtbr4_WeVaAiKE7DfilbJLNhDRO93ZQ9-EHxoS4DWSW_0XnipmjQx-wydpJyiawdrzuKNdazEnT5kQU_id1wihLbt7bAzvzbdXs6v3InElNJlU_UQ7V55ih2IQDMxT95Sg7egEzRpxsizMtFo42ireX8FUbFbDSOlZMLXr0tBDhvP9QTw=w640-h634\" alt=\"\"\/><\/figure>\n\n\n<div class=\"separator\">Ol\u00e1, amigos cultos e ocultos! Hoje n\u00f3s vamos de poesia! Sim, poesia \u00e9 coisa muito boa e mais ainda quando a tem\u00e1tica \u00e9 pol\u00edtica e social, poesia de protesto. Os fascistas detestam, mas a gente canta&#8230;<\/div>\n<div class=\"separator\">Aqui temos o ator e dramaturgo Juca de Oliveira, ainda em seus melhores dias e num momento nobre. Nobre no sentido de grandeza humana, pois essa acompanha a todo homem que se sensibiliza com as quest\u00f5es e dramas sociais. Gravar um disco com poesias de protestos \u00e9, sem d\u00favida, uma demonstra\u00e7\u00e3o de sensibilidade e empatia com as lutas pol\u00edticas e sociais na Am\u00e9rica Latina. Pena que em um determinado momento Juca de Oliveira se iludiu com &#8216;falsos profetas&#8217;, com a hipocrisia do Lavajato, dando apoio ao dubl\u00ea de juiz, Sergio Moro e sua gangue. Bom, mas isso n\u00e3o vem ao caso e cada vinho envelhece como merece. Juca de Oliveira \u00e9 sem d\u00favida um grande artista e sabe como poucos cantar\/interpretar uma poesia. Neste lp, que inicialmente foi censurado pelo ent\u00e3o governo militar, temos um apanhado de poemas\/textos de cunho pol\u00edtico, de diferentes poetas latino-americanos. Um belo trabalho que infelizmente, hoje em dia anda meio esquecido. Mas \u00e9 justamente nessas horas que a lembran\u00e7a do disco, da poesia e do seu conte\u00fado se faz mais necess\u00e1rio. Como j\u00e1 cantava o poeta Thiago de Mello: &#8216;faz escuro, mas eu canto&#8221;. Confiram no GTM&#8230;<\/div>\n<div class=\"separator\">\u00a0<\/div>\n<div class=\"separator\">a carta no caminho (parte 1) &#8211; pablo neruda<\/div>\n<div class=\"separator\">no caminho com maiacowski &#8211; eduardo alves da costa<\/div>\n<div class=\"separator\">segrega\u00e7\u00e3o n\u00ba 1 &#8211; carlos german beli<\/div>\n<div class=\"separator\">pedidos &#8211; juan gelman<\/div>\n<div class=\"separator\">invent\u00e1rio de cicatrizes &#8211; alex polari de alverga<\/div>\n<div class=\"separator\">cemit\u00e9rio pernambucano &#8211; jo\u00e3o cabral de melo neto<\/div>\n<div class=\"separator\">cemit\u00e9rio de sert\u00e3o &#8211; dom pedro casald\u00e1liga<\/div>\n<div class=\"separator\">o comandante &#8211; gonzalo rojas<\/div>\n<div class=\"separator\">a carta no caminho (parte 2) &#8211; pablo neruda<\/div>\n<div class=\"separator\">a carta no caminho (parte 3) &#8211; pablo neruda<\/div>\n<div class=\"separator\">n\u00e3o te salves &#8211; mario benedetti<\/div>\n<div class=\"separator\">n\u00e3o h\u00e1 ventura para mim fora de ti &#8211; ernesto cardenal<\/div>\n<div class=\"separator\">a flor e n\u00e1usea &#8211; carlos drummond de andrade<\/div>\n<div class=\"separator\">podes? &#8211; nicolas guillen<\/div>\n<div class=\"separator\">12.207 &#8211; alex polari alverga<\/div>\n<div class=\"separator\">o vidente &#8211; castro alves<\/div>\n<div class=\"separator\">epit\u00e1fio do desterrado &#8211; ernesto cardenal<\/div>\n<div class=\"separator\">a carta no caminho (parte 4) &#8211; pablo neruda<\/div>\n<div class=\"separator\">\u00a0<\/div>\n<div class=\"separator\">\u00a0<\/div>\n<div class=\"separator\">.<\/div>","protected":false},"excerpt":{"rendered":"<p>Ol\u00e1, amigos cultos e ocultos! Hoje n\u00f3s vamos de poesia! Sim, poesia \u00e9 coisa muito boa e mais ainda quando a tem\u00e1tica \u00e9 pol\u00edtica e social, poesia de protesto. Os fascistas detestam, mas a gente canta&#8230; Aqui temos o ator &hellip; <a href=\"https:\/\/www.toque-musicall.com\/?p=8920\">Continue lendo <span class=\"meta-nav\">&rarr;<\/span><\/a><\/p>\n","protected":false},"author":1,"featured_media":0,"comment_status":"closed","ping_status":"closed","sticky":false,"template":"","format":"standard","meta":{"footnotes":""},"categories":[1528,318,70],"tags":[4830,3383,3061],"class_list":["post-8920","post","type-post","status-publish","format-standard","hentry","category-juca-de-oliveira","category-poesia","category-selo-rca-victor","tag-juca-de-oliveira","tag-poesias","tag-selo-rca-victor"],"_links":{"self":[{"href":"https:\/\/www.toque-musicall.com\/index.php?rest_route=\/wp\/v2\/posts\/8920","targetHints":{"allow":["GET"]}}],"collection":[{"href":"https:\/\/www.toque-musicall.com\/index.php?rest_route=\/wp\/v2\/posts"}],"about":[{"href":"https:\/\/www.toque-musicall.com\/index.php?rest_route=\/wp\/v2\/types\/post"}],"author":[{"embeddable":true,"href":"https:\/\/www.toque-musicall.com\/index.php?rest_route=\/wp\/v2\/users\/1"}],"replies":[{"embeddable":true,"href":"https:\/\/www.toque-musicall.com\/index.php?rest_route=%2Fwp%2Fv2%2Fcomments&post=8920"}],"version-history":[{"count":1,"href":"https:\/\/www.toque-musicall.com\/index.php?rest_route=\/wp\/v2\/posts\/8920\/revisions"}],"predecessor-version":[{"id":8921,"href":"https:\/\/www.toque-musicall.com\/index.php?rest_route=\/wp\/v2\/posts\/8920\/revisions\/8921"}],"wp:attachment":[{"href":"https:\/\/www.toque-musicall.com\/index.php?rest_route=%2Fwp%2Fv2%2Fmedia&parent=8920"}],"wp:term":[{"taxonomy":"category","embeddable":true,"href":"https:\/\/www.toque-musicall.com\/index.php?rest_route=%2Fwp%2Fv2%2Fcategories&post=8920"},{"taxonomy":"post_tag","embeddable":true,"href":"https:\/\/www.toque-musicall.com\/index.php?rest_route=%2Fwp%2Fv2%2Ftags&post=8920"}],"curies":[{"name":"wp","href":"https:\/\/api.w.org\/{rel}","templated":true}]}}