{"id":8933,"date":"2021-11-10T10:24:00","date_gmt":"2021-11-10T12:24:00","guid":{"rendered":"https:\/\/www.toque-musicall.com\/?p=8933"},"modified":"2021-11-13T10:27:18","modified_gmt":"2021-11-13T12:27:18","slug":"halley-flamarion-piano-e-cordas-1985","status":"publish","type":"post","link":"https:\/\/www.toque-musicall.com\/?p=8933","title":{"rendered":"Halley Flamarion &#8211; Piano E Cordas (1985)"},"content":{"rendered":"\n<figure class=\"wp-block-image size-large\"><img decoding=\"async\" src=\"https:\/\/blogger.googleusercontent.com\/img\/a\/AVvXsEjYFEy_L269PHgHS6eNOEsnd7VtmFFLCV1hDJ9DbMqwthr_EcL_07HXZGEGfoBB2Ezaoy4QI0a9BMsO-SrsdZQXNcx5nZJWqgxd7PPzP_7ch025C5e_hqxQ1tAxkHu6-gFfeUR-Z8kjjiXlQ_7IFMSDLIYiCJrgQ4Ov2giQ690d2z_ZT8xXZsDcuTKXYw=w640-h640\" alt=\"\"\/><\/figure>\n\n\n\n<figure class=\"wp-block-image size-large\"><img decoding=\"async\" src=\"https:\/\/blogger.googleusercontent.com\/img\/a\/AVvXsEj2kM9M1wg5qInB6lUkIYPXAslCi14eP5Dl7JbsYfI_9jjFI8J4dhLwuW65w8XoIPbUrHoy7-aIXJyVWvaNr6_7aAu2KImtkNmZImT5vDb5_pSmOqai9jzS0sCFfectYhgMW1OEZzWL92qR2q2VK9Aq2nqIbsrcTdrCz1F-ETmHx4j7QjE5KSmETyXcIA=w640-h630\" alt=\"\"\/><\/figure>\n\n\n<div class=\"separator\">Bom dia, amigos cultos e ocultos! H\u00e1 alguns meses atr\u00e1s eu postei aqui um raro disco do pianista mineiro Halley Flamarion, no caso, seu primeiro lp, o &#8220;Encontro com Halley&#8221;, de 1968. Para a minha surpresa, recebi v\u00e1rios e-mails de colecionadores interessados no lp, inclusive gente de fora do Brasil. Como j\u00e1 disse, os discos postados aqui n\u00e3o est\u00e3o necessariamente ofertados para venda. Eventualmente alguns acabam sendo vendidos, mas isso n\u00e3o \u00e9 regra. No caso do Halley Flamarion, acabei cedendo as cifras, pois tinha outro de reserva. Por certo, n\u00e3o h\u00e1 nada de errado em perguntar. Pe\u00e7o desculpas aos que eu n\u00e3o pude atender. Como dizem, quem n\u00e3o chora, n\u00e3o mama&#8230;<\/div>\n<div class=\"separator\">Enfim, hoje estou trazendo um outro disco deste excepcional m\u00fasico, um lp instrumental onde ele tamb\u00e9m se mostra como compositor e arranjador. Entre os nove temas apresentados, tr\u00eas s\u00e3o de sua autoria. Vale destacar tamb\u00e9m a presen\u00e7a familiar, no caso, Toninho Horta, que participa nas mixagens e tamb\u00e9m na faixa &#8220;Todo o azul de Luiza&#8221;, composi\u00e7\u00e3o dele com M\u00e1rcio Borges. A capa \u00e9 um trabalho da artista pl\u00e1stica Niura (Horta) Belavinha. Vamos conferir?<\/div>\n<div class=\"separator\">\u00a0<\/div>\n<div class=\"separator\">une chanson pour leila<\/div>\n<div class=\"separator\">nadia&#8217;s theme<\/div>\n<div class=\"separator\">beatriz<\/div>\n<div class=\"separator\">reminiscence<\/div>\n<div class=\"separator\">reflexos de minas<\/div>\n<div class=\"separator\">somewher in time<\/div>\n<div class=\"separator\">todo o azul de luiza<\/div>\n<div class=\"separator\">theme from summer of 42<\/div>\n<div class=\"separator\">halley&#8217;s theme<\/div>\n<div class=\"separator\">\u00a0<\/div>\n<div class=\"separator\">\u00a0<\/div>\n<div class=\"separator\">\u00a0<\/div>","protected":false},"excerpt":{"rendered":"<p>Bom dia, amigos cultos e ocultos! H\u00e1 alguns meses atr\u00e1s eu postei aqui um raro disco do pianista mineiro Halley Flamarion, no caso, seu primeiro lp, o &#8220;Encontro com Halley&#8221;, de 1968. Para a minha surpresa, recebi v\u00e1rios e-mails de &hellip; <a href=\"https:\/\/www.toque-musicall.com\/?p=8933\">Continue lendo <span class=\"meta-nav\">&rarr;<\/span><\/a><\/p>\n","protected":false},"author":1,"featured_media":0,"comment_status":"closed","ping_status":"closed","sticky":false,"template":"","format":"standard","meta":{"footnotes":""},"categories":[4490,25],"tags":[4491,3017],"class_list":["post-8933","post","type-post","status-publish","format-standard","hentry","category-halley-flamarion","category-selo-independente","tag-halley-flamarion","tag-selo-independente"],"_links":{"self":[{"href":"https:\/\/www.toque-musicall.com\/index.php?rest_route=\/wp\/v2\/posts\/8933","targetHints":{"allow":["GET"]}}],"collection":[{"href":"https:\/\/www.toque-musicall.com\/index.php?rest_route=\/wp\/v2\/posts"}],"about":[{"href":"https:\/\/www.toque-musicall.com\/index.php?rest_route=\/wp\/v2\/types\/post"}],"author":[{"embeddable":true,"href":"https:\/\/www.toque-musicall.com\/index.php?rest_route=\/wp\/v2\/users\/1"}],"replies":[{"embeddable":true,"href":"https:\/\/www.toque-musicall.com\/index.php?rest_route=%2Fwp%2Fv2%2Fcomments&post=8933"}],"version-history":[{"count":1,"href":"https:\/\/www.toque-musicall.com\/index.php?rest_route=\/wp\/v2\/posts\/8933\/revisions"}],"predecessor-version":[{"id":8934,"href":"https:\/\/www.toque-musicall.com\/index.php?rest_route=\/wp\/v2\/posts\/8933\/revisions\/8934"}],"wp:attachment":[{"href":"https:\/\/www.toque-musicall.com\/index.php?rest_route=%2Fwp%2Fv2%2Fmedia&parent=8933"}],"wp:term":[{"taxonomy":"category","embeddable":true,"href":"https:\/\/www.toque-musicall.com\/index.php?rest_route=%2Fwp%2Fv2%2Fcategories&post=8933"},{"taxonomy":"post_tag","embeddable":true,"href":"https:\/\/www.toque-musicall.com\/index.php?rest_route=%2Fwp%2Fv2%2Ftags&post=8933"}],"curies":[{"name":"wp","href":"https:\/\/api.w.org\/{rel}","templated":true}]}}