{"id":8935,"date":"2021-11-11T11:57:00","date_gmt":"2021-11-11T13:57:00","guid":{"rendered":"https:\/\/www.toque-musicall.com\/?p=8935"},"modified":"2021-11-14T12:00:11","modified_gmt":"2021-11-14T14:00:11","slug":"bere-1978","status":"publish","type":"post","link":"https:\/\/www.toque-musicall.com\/?p=8935","title":{"rendered":"Ber\u00ea (1978)"},"content":{"rendered":"\n<figure class=\"wp-block-image size-large\"><img decoding=\"async\" src=\"https:\/\/blogger.googleusercontent.com\/img\/a\/AVvXsEiRfWxPsfPDvB6pWw7hl-ooJ5FcgKL_VyUSvVcyPQrjMcNc83YCsOVjm8w0-mRKeCVCMgIqopTdlS2d5yziGrndxp0_Iob-FSgl7-UoGVUo1aBUrdd6ukzLt11O4doL2OyalG6aRyxbt9g63eAXtjjBa0eau5C31GFA-PJwmk0f_CUR-2NbEH2w5LF_sA=w630-h640\" alt=\"\"\/><\/figure>\n\n\n\n<figure class=\"wp-block-image size-large\"><img decoding=\"async\" src=\"https:\/\/blogger.googleusercontent.com\/img\/a\/AVvXsEgkNdVTDxywzv17PlXbIILcq9u5qZkpGKbaTt1KXbrCd0EX8AkPdJ9AO60-GXNf8N3S0d98HZiHJkNVJAVl2edBBQQFDIeUXZJFidL_HBVpg43y3I1MOrueDagzqHblM068g6Uy5I7gSIMApeGQ3yUsmkLxEp6UkykxJgD1fmwPK74pSalIJk8-PiuTHg=w640-h634\" alt=\"\"\/><\/figure>\n\n\n<div class=\"separator\">Ol\u00e1, caros amigos cultos e ocultos! Nosso toque musical de hoje \u00e9 para este disco, hoje raro, lan\u00e7ado em 1978 pela Continental, da ent\u00e3o estreante, a cantora e compositora Berenice Biachi, ou Ber\u00ea como adotou em disco. Ela \u00e9 uma cantora ga\u00facha que despontou no cen\u00e1rio fonogr\u00e1fico aos 18 anos. Teve a oportunidade de lan\u00e7ar este disco por uma grande gravadora e desta recebeu toda a aten\u00e7\u00e3o, sendo na \u00e9poca muito bem divulgada pela \u00e1rea de comunica\u00e7\u00e3o da Continental. O \u00e1lbum, muito bem produzido l\u00e1 pelas bandas do sul, tr\u00e1s um repert\u00f3rio exclusivo de compositores ga\u00fachos, nomes importantes como Lupc\u00ednio Rodrigues, Luiz Coronel, Glenio Fagundes, Galileu Arruda, Marco Aur\u00e9lio Vasconcelos, Raul Ellwanger e Geraldo Flach. H\u00e1 tamb\u00e9m espa\u00e7o para uma composi\u00e7\u00e3o pr\u00f3pria, &#8220;Ga\u00facho&#8221;, em parceria com Luiz Paulo. O lp \u00e9 realmente muito bom e merece ser lembrando. Contudo, mesmo com toda essa produ\u00e7\u00e3o o disco de Ber\u00ea n\u00e3o deslanchou para al\u00e9m das fronteiras sulistas. Curiosamente, parece que a cantora n\u00e3o gravou mais discos, n\u00e3o h\u00e1 na internet informa\u00e7\u00f5es sobre isso. Mas, ao que parece, Ber\u00ea acabou seguido outros rumos, se tornou um arquiteta e trabalha nessa \u00e1rea. Ficamos mesmo sem saber \u00e9 se ela ainda continua cantando. Por hora, vamos apreciar o trabalho&#8230;<\/div>\n<div class=\"separator\">\u00a0<\/div>\n<div class=\"separator\">amargo<\/div>\n<div class=\"separator\">viagem para o sul<\/div>\n<div class=\"separator\">gosto<\/div>\n<div class=\"separator\">a triste milonga de leontina das dores a espera de seu homem<\/div>\n<div class=\"separator\">c\u00e3o e gato<\/div>\n<div class=\"separator\">escandalosamente maravilhante<\/div>\n<div class=\"separator\">nos cantos escuros<\/div>\n<div class=\"separator\">leontina dsa dores canta o filho que vai nascer<\/div>\n<div class=\"separator\">peti\u00e7o pipeiro<\/div>\n<div class=\"separator\">invernias<\/div>\n<div class=\"separator\">gaucho<\/div>\n<div class=\"separator\">\u00a0<\/div>\n<div class=\"separator\">.<\/div>\n<div class=\"separator\">\u00a0<\/div>","protected":false},"excerpt":{"rendered":"<p>Ol\u00e1, caros amigos cultos e ocultos! Nosso toque musical de hoje \u00e9 para este disco, hoje raro, lan\u00e7ado em 1978 pela Continental, da ent\u00e3o estreante, a cantora e compositora Berenice Biachi, ou Ber\u00ea como adotou em disco. Ela \u00e9 uma &hellip; <a href=\"https:\/\/www.toque-musicall.com\/?p=8935\">Continue lendo <span class=\"meta-nav\">&rarr;<\/span><\/a><\/p>\n","protected":false},"author":1,"featured_media":0,"comment_status":"closed","ping_status":"closed","sticky":false,"template":"","format":"standard","meta":{"footnotes":""},"categories":[4836,40],"tags":[4837,3327],"class_list":["post-8935","post","type-post","status-publish","format-standard","hentry","category-bere","category-selo-continental","tag-bere","tag-selo-continental"],"_links":{"self":[{"href":"https:\/\/www.toque-musicall.com\/index.php?rest_route=\/wp\/v2\/posts\/8935","targetHints":{"allow":["GET"]}}],"collection":[{"href":"https:\/\/www.toque-musicall.com\/index.php?rest_route=\/wp\/v2\/posts"}],"about":[{"href":"https:\/\/www.toque-musicall.com\/index.php?rest_route=\/wp\/v2\/types\/post"}],"author":[{"embeddable":true,"href":"https:\/\/www.toque-musicall.com\/index.php?rest_route=\/wp\/v2\/users\/1"}],"replies":[{"embeddable":true,"href":"https:\/\/www.toque-musicall.com\/index.php?rest_route=%2Fwp%2Fv2%2Fcomments&post=8935"}],"version-history":[{"count":1,"href":"https:\/\/www.toque-musicall.com\/index.php?rest_route=\/wp\/v2\/posts\/8935\/revisions"}],"predecessor-version":[{"id":8936,"href":"https:\/\/www.toque-musicall.com\/index.php?rest_route=\/wp\/v2\/posts\/8935\/revisions\/8936"}],"wp:attachment":[{"href":"https:\/\/www.toque-musicall.com\/index.php?rest_route=%2Fwp%2Fv2%2Fmedia&parent=8935"}],"wp:term":[{"taxonomy":"category","embeddable":true,"href":"https:\/\/www.toque-musicall.com\/index.php?rest_route=%2Fwp%2Fv2%2Fcategories&post=8935"},{"taxonomy":"post_tag","embeddable":true,"href":"https:\/\/www.toque-musicall.com\/index.php?rest_route=%2Fwp%2Fv2%2Ftags&post=8935"}],"curies":[{"name":"wp","href":"https:\/\/api.w.org\/{rel}","templated":true}]}}