{"id":8940,"date":"2021-11-13T01:06:00","date_gmt":"2021-11-13T03:06:00","guid":{"rendered":"https:\/\/www.toque-musicall.com\/?p=8940"},"modified":"2021-11-19T01:09:42","modified_gmt":"2021-11-19T03:09:42","slug":"paula-luzes-do-morro-1985","status":"publish","type":"post","link":"https:\/\/www.toque-musicall.com\/?p=8940","title":{"rendered":"Paula &#8211; Luzes Do Morro (1985)"},"content":{"rendered":"\n<figure class=\"wp-block-image size-large\"><img decoding=\"async\" src=\"https:\/\/blogger.googleusercontent.com\/img\/a\/AVvXsEh_NO3axZ1SjIBWmVAh_AqAa_ZYyW8g7iHxGMrk1xuCbjQDc78sMEHlUCr3JZ2xnmovLQJt9IGTEAE9ZocCKkPkXTKRytrBRBdDeekVTv5ELNQ5fPISi5EwesT7pVKs4EUcQ5qk_Ar7YPodciewoW2lnJvGWySVPUGsvuNHmaPsR1E3wrT-UMnmz1949A=w634-h640\" alt=\"\"\/><\/figure>\n\n\n\n<figure class=\"wp-block-image size-large\"><img decoding=\"async\" src=\"https:\/\/blogger.googleusercontent.com\/img\/a\/AVvXsEgXHa3V4drXrWJCWd6VBRJuEZ7TITaxVKI7jKNOufcVFOP0Blzr7UzBAprMVA1q_fe767hWb9jU721v1Wwf7wPdtjbOtQeKW35XDmCqRioHD-DUvyfRW0-lNmdUEeqh6gZORzKHLPib7tc9h-aztXiILhAVC0me2XAHof94cXBuzvESotO2iH1OLwIjvw=w640-h626\" alt=\"\"\/><\/figure>\n\n\n<div class=\"separator\">Bom dia, amigos cultos e ocultos! Hoje vamos de samba! Foi assim que pensei, logo que escolhi este disco para postar. Por\u00e9m, n\u00e3o fazia ideia da dificuldade para achar informa\u00e7\u00f5es ao seu respeito, considerando se tratar de um lp dos anos 80 e lan\u00e7ado pela Som Livre. Procurar informa\u00e7\u00f5es sobre uma cantora chamada apenas de &#8216;Paula&#8217; num universo musical onde h\u00e1 tantas outras Paulas, chega quase a ser uma miss\u00e3o imposs\u00edvel, principalmente quando na internet as informa\u00e7\u00f5es s\u00f3 nos leva ao disco para venda. S\u00f3 mesmo quem \u00e9 do &#8216;m\u00e9tier do samba carioca&#8217; poderia nos ajudar. Como at\u00e9 o momento n\u00e3o apareceu ningu\u00e9m, me limito ao que o disco nos tem a oferecer. Temos aqui um aut\u00eantico disco de samba e uma cantora de voz pequena, mas personal\u00edssima, se encaixando bem num repert\u00f3rio de sambas de raiz. Agrada em cheio. Tem uma boa produ\u00e7\u00e3o, a cargo de Rildo Hora que tamb\u00e9m \u00e9 respons\u00e1vel pelos arranjos e reg\u00eancia. Disco de qualidade que merece nosso toque musical. Confiram&#8230;<\/div>\n<div class=\"separator\">\u00a0<\/div>\n<div class=\"separator\">luzes do morro<\/div>\n<div class=\"separator\">fogo no tacho<\/div>\n<div class=\"separator\">samba do trabalhador<\/div>\n<div class=\"separator\">samba de roda da cachoeira<\/div>\n<div class=\"separator\">cora\u00e7\u00e3o apaixonado<\/div>\n<div class=\"separator\">vida roceira<\/div>\n<div class=\"separator\">amor oculto<\/div>\n<div class=\"separator\">pi\u00e3o na unha<\/div>\n<div class=\"separator\">cora\u00e7\u00e3o<\/div>\n<div class=\"separator\">sonho de crian\u00e7a<\/div>\n<div class=\"separator\">se deus quiser<\/div>\n<div class=\"separator\">boa noite cidade maravilhosa<\/div>\n<div class=\"separator\">\u00a0<\/div>\n<div class=\"separator\">\u00a0<\/div>\n<div class=\"separator\">.\u00a0<\/div>","protected":false},"excerpt":{"rendered":"<p>Bom dia, amigos cultos e ocultos! Hoje vamos de samba! Foi assim que pensei, logo que escolhi este disco para postar. Por\u00e9m, n\u00e3o fazia ideia da dificuldade para achar informa\u00e7\u00f5es ao seu respeito, considerando se tratar de um lp dos &hellip; <a href=\"https:\/\/www.toque-musicall.com\/?p=8940\">Continue lendo <span class=\"meta-nav\">&rarr;<\/span><\/a><\/p>\n","protected":false},"author":1,"featured_media":0,"comment_status":"closed","ping_status":"closed","sticky":false,"template":"","format":"standard","meta":{"footnotes":""},"categories":[4842,66],"tags":[4843,3037],"class_list":["post-8940","post","type-post","status-publish","format-standard","hentry","category-paula","category-selo-som-livre","tag-paula","tag-selo-som-livre"],"_links":{"self":[{"href":"https:\/\/www.toque-musicall.com\/index.php?rest_route=\/wp\/v2\/posts\/8940","targetHints":{"allow":["GET"]}}],"collection":[{"href":"https:\/\/www.toque-musicall.com\/index.php?rest_route=\/wp\/v2\/posts"}],"about":[{"href":"https:\/\/www.toque-musicall.com\/index.php?rest_route=\/wp\/v2\/types\/post"}],"author":[{"embeddable":true,"href":"https:\/\/www.toque-musicall.com\/index.php?rest_route=\/wp\/v2\/users\/1"}],"replies":[{"embeddable":true,"href":"https:\/\/www.toque-musicall.com\/index.php?rest_route=%2Fwp%2Fv2%2Fcomments&post=8940"}],"version-history":[{"count":1,"href":"https:\/\/www.toque-musicall.com\/index.php?rest_route=\/wp\/v2\/posts\/8940\/revisions"}],"predecessor-version":[{"id":8941,"href":"https:\/\/www.toque-musicall.com\/index.php?rest_route=\/wp\/v2\/posts\/8940\/revisions\/8941"}],"wp:attachment":[{"href":"https:\/\/www.toque-musicall.com\/index.php?rest_route=%2Fwp%2Fv2%2Fmedia&parent=8940"}],"wp:term":[{"taxonomy":"category","embeddable":true,"href":"https:\/\/www.toque-musicall.com\/index.php?rest_route=%2Fwp%2Fv2%2Fcategories&post=8940"},{"taxonomy":"post_tag","embeddable":true,"href":"https:\/\/www.toque-musicall.com\/index.php?rest_route=%2Fwp%2Fv2%2Ftags&post=8940"}],"curies":[{"name":"wp","href":"https:\/\/api.w.org\/{rel}","templated":true}]}}