{"id":8942,"date":"2021-11-14T01:09:00","date_gmt":"2021-11-14T03:09:00","guid":{"rendered":"https:\/\/www.toque-musicall.com\/?p=8942"},"modified":"2021-11-19T01:12:06","modified_gmt":"2021-11-19T03:12:06","slug":"os-originais-do-samba-1981","status":"publish","type":"post","link":"https:\/\/www.toque-musicall.com\/?p=8942","title":{"rendered":"Os Originais Do Samba (1981)"},"content":{"rendered":"\n<figure class=\"wp-block-image size-large\"><img decoding=\"async\" src=\"https:\/\/blogger.googleusercontent.com\/img\/a\/AVvXsEi65ux2phPXgxp1zy_N-BoSzlnZK0ATPCKbYq2fWuSjky1A4jSAkaZOjF9hPZ8TrFSKVn4YuRK4WitZbxVyYXk33pTJDRgHeCfvY3UBZT9TX3TNGEK6AGT7NMxXBv2DQfmDvxSJJ-L5CBrVaIPkyKoQy7ETOmksZJoQmSZHrzs2va5deZfzWJNxTKSm1A=w640-h636\" alt=\"\"\/><\/figure>\n\n\n\n<figure class=\"wp-block-image size-large\"><img decoding=\"async\" src=\"https:\/\/blogger.googleusercontent.com\/img\/a\/AVvXsEi85sft4nXAH24xEsWgWEp_q_tw7ICdWVuuj4GJQpjksaVt2wZsd1XITwIbQ4rhZvymaLIc8wsW9v5TgarlFMVXiNIvIIpGVlEGEw7Y9NJLol8VnFUfLF2rn89rkz8zpufyVVcbLG0MRbMVYw1QyFJ0f0vT7Z2sfSTJpgB5CHIdWMQISSLEwusKEZ7t5w=w640-h634\" alt=\"\"\/><\/figure>\n\n\n<div class=\"separator\">Amigos cultos e ocultos, boa hora a todos! Depois do &#8220;Luzes da Cidade, disco de samba da cantora Paula, temos agora um outro, desta vez com o grupo Os Originais do Samba. J\u00e1 tivemos a oportunidade de apresentar aqui outros disco deles e agora estamos trazendo este que foi lan\u00e7ado em 1981 pela RCA. Um trabalho produzido por Osmar Zan e Waldir Santos. Disco muito bom deste que foi um dos mais importantes conjuntos de samba nos anos 70. Neste \u00e1lbum j\u00e1 n\u00e3o participa do grupo o comediante Mussum que fez parte dos primeiros discos que gravaram. Aqui vamos encontrar um repert\u00f3rio dos mais interessantes e bem arranjados, como se pode ver na foto de contracapa. Disco bacana de se ouvir de um lado e do outro. N\u00e3o tem como desagradar, confiram no GTM&#8230;<\/div>\n<div class=\"separator\">\u00a0<\/div>\n<div class=\"separator\">clementina de jesus<\/div>\n<div class=\"separator\">fiscal da natureza<\/div>\n<div class=\"separator\">gema<\/div>\n<div class=\"separator\">bebeto loteria<\/div>\n<div class=\"separator\">ela<\/div>\n<div class=\"separator\">algu\u00e9m me avisou<\/div>\n<div class=\"separator\">eu me rendo<\/div>\n<div class=\"separator\">telhado de vidro<\/div>\n<div class=\"separator\">por\u00e3o e colher de pau<\/div>\n<div class=\"separator\">voc\u00ea n\u00e3o foi<\/div>\n<div class=\"separator\">aus\u00eancia<\/div>\n<div class=\"separator\">mulher mulher<\/div>\n<div class=\"separator\">\u00a0<\/div>\n<div class=\"separator\">\u00a0<\/div>\n<div class=\"separator\">.<\/div>\n<div class=\"separator\">\u00a0<\/div>","protected":false},"excerpt":{"rendered":"<p>Amigos cultos e ocultos, boa hora a todos! Depois do &#8220;Luzes da Cidade, disco de samba da cantora Paula, temos agora um outro, desta vez com o grupo Os Originais do Samba. J\u00e1 tivemos a oportunidade de apresentar aqui outros &hellip; <a href=\"https:\/\/www.toque-musicall.com\/?p=8942\">Continue lendo <span class=\"meta-nav\">&rarr;<\/span><\/a><\/p>\n","protected":false},"author":1,"featured_media":0,"comment_status":"closed","ping_status":"closed","sticky":false,"template":"","format":"standard","meta":{"footnotes":""},"categories":[1254,18],"tags":[4844,3040],"class_list":["post-8942","post","type-post","status-publish","format-standard","hentry","category-os-originais-do-samba","category-selo-rca","tag-os-originais-do-samba","tag-selo-rca"],"_links":{"self":[{"href":"https:\/\/www.toque-musicall.com\/index.php?rest_route=\/wp\/v2\/posts\/8942","targetHints":{"allow":["GET"]}}],"collection":[{"href":"https:\/\/www.toque-musicall.com\/index.php?rest_route=\/wp\/v2\/posts"}],"about":[{"href":"https:\/\/www.toque-musicall.com\/index.php?rest_route=\/wp\/v2\/types\/post"}],"author":[{"embeddable":true,"href":"https:\/\/www.toque-musicall.com\/index.php?rest_route=\/wp\/v2\/users\/1"}],"replies":[{"embeddable":true,"href":"https:\/\/www.toque-musicall.com\/index.php?rest_route=%2Fwp%2Fv2%2Fcomments&post=8942"}],"version-history":[{"count":1,"href":"https:\/\/www.toque-musicall.com\/index.php?rest_route=\/wp\/v2\/posts\/8942\/revisions"}],"predecessor-version":[{"id":8943,"href":"https:\/\/www.toque-musicall.com\/index.php?rest_route=\/wp\/v2\/posts\/8942\/revisions\/8943"}],"wp:attachment":[{"href":"https:\/\/www.toque-musicall.com\/index.php?rest_route=%2Fwp%2Fv2%2Fmedia&parent=8942"}],"wp:term":[{"taxonomy":"category","embeddable":true,"href":"https:\/\/www.toque-musicall.com\/index.php?rest_route=%2Fwp%2Fv2%2Fcategories&post=8942"},{"taxonomy":"post_tag","embeddable":true,"href":"https:\/\/www.toque-musicall.com\/index.php?rest_route=%2Fwp%2Fv2%2Ftags&post=8942"}],"curies":[{"name":"wp","href":"https:\/\/api.w.org\/{rel}","templated":true}]}}