{"id":8946,"date":"2021-11-16T11:59:00","date_gmt":"2021-11-16T13:59:00","guid":{"rendered":"https:\/\/www.toque-musicall.com\/?p=8946"},"modified":"2021-11-22T12:02:15","modified_gmt":"2021-11-22T14:02:15","slug":"novena-do-senhor-bom-jesus-do-bomfim-1982","status":"publish","type":"post","link":"https:\/\/www.toque-musicall.com\/?p=8946","title":{"rendered":"Novena Do Senhor Bom Jesus Do Bomfim (1982)"},"content":{"rendered":"\n<figure class=\"wp-block-image size-large\"><img decoding=\"async\" src=\"https:\/\/blogger.googleusercontent.com\/img\/a\/AVvXsEhBtsivodiMHmMsRwAwCFGKJAuR2f2ROr27QLWNlweuOu12JHzB9CW6lrAUfwc4EQnn2SdEC9e1Jzb9JvoStg6ifs4iFIuEASP1blYatWddCtEMwkT614wj8vhCz7qRRckZE__ypKdh58FJyloAKtJ7rSpC--WFjkymi3CXvqasrESb-Q1_QRLsZFEGWQ=w634-h640\" alt=\"\"\/><\/figure>\n\n\n\n<figure class=\"wp-block-image size-large\"><img decoding=\"async\" src=\"https:\/\/blogger.googleusercontent.com\/img\/a\/AVvXsEhnYxMZqJ_zE2GDP4_KBCYRjgOwPlWniA7Z_0EbCP_dPibMAXmFoOKAdX4Htis0qfmEClqzy9b0skh9rzKwAkH2hc_-iSkzkGXQIQdA6lgsKbtp4UAvC3xzSloo0z7y-U7TwGbUfZ680iAeWHYHw3TEGLsj1RWDeleup-qZ5QjgHqudH2_P-1SYbvGlhQ=w636-h640\" alt=\"\"\/><\/figure>\n\n\n<div class=\"separator\">Ol\u00e1, meus caros amigos cultos e ocultos! Estou trazendo hoje este disco que por certo ir\u00e1 agradar, em especial aos amigos baianos. Temos aqui um registro ao vivo da Novena do Senhor Bom Jesus do Bomfim, evento de devo\u00e7\u00e3o e festividades que acontece todo in\u00edcio de ano na Bas\u00edlica do Senhor do Bonfim, em Salvador. Aqui temos um registro no dia da Lavagem do Bomfim. Sob a reg\u00eancia do maestro Walter Boaventura, a Orquestra e Coro da Festa do Bomfim executam a obra sacra do compositor baiano Jo\u00e3o Manoel Dantas. Um evento tradicional\u00edssimo da cultura baiana que, em 1982, mereceu essas grava\u00e7\u00f5es publicadas em disco. Vamos conferir?<\/div>\n<div class=\"separator\">\u00a0<\/div>\n<div class=\"separator\">hino sacro<\/div>\n<div class=\"separator\">introdu\u00e7\u00e3o do reitor<\/div>\n<div class=\"separator\">regem confessorem<\/div>\n<div class=\"separator\">veni<\/div>\n<div class=\"separator\">padre nosso<\/div>\n<div class=\"separator\">ave maria<\/div>\n<div class=\"separator\">gloria pater<\/div>\n<div class=\"separator\">terceira jaculat\u00f3ria<\/div>\n<div class=\"separator\">kirie<\/div>\n<div class=\"separator\">pater<\/div>\n<div class=\"separator\">spirictus<\/div>\n<div class=\"separator\">sancta maria<\/div>\n<div class=\"separator\">ladainha<\/div>\n<div class=\"separator\">consolatrix<\/div>\n<div class=\"separator\">regina<\/div>\n<div class=\"separator\">agnus dei<\/div>\n<div class=\"separator\">christus factum<\/div>\n<div class=\"separator\">primeira jaculat\u00f3ria<\/div>\n<div class=\"separator\">segunda jaculat\u00f3ria<\/div>\n<div class=\"separator\">quarta jaculat\u00f3ria<\/div>\n<div class=\"separator\">tantum ergo<\/div>\n<div class=\"separator\">hino popular<\/div>\n<div class=\"separator\">\u00a0<\/div>\n<div class=\"separator\">\u00a0<\/div>\n<div class=\"separator\">.<\/div>\n<div class=\"separator\">\u00a0<\/div>","protected":false},"excerpt":{"rendered":"<p>Ol\u00e1, meus caros amigos cultos e ocultos! Estou trazendo hoje este disco que por certo ir\u00e1 agradar, em especial aos amigos baianos. Temos aqui um registro ao vivo da Novena do Senhor Bom Jesus do Bomfim, evento de devo\u00e7\u00e3o e &hellip; <a href=\"https:\/\/www.toque-musicall.com\/?p=8946\">Continue lendo <span class=\"meta-nav\">&rarr;<\/span><\/a><\/p>\n","protected":false},"author":1,"featured_media":0,"comment_status":"closed","ping_status":"closed","sticky":false,"template":"","format":"standard","meta":{"footnotes":""},"categories":[4845,25],"tags":[4846,3017],"class_list":["post-8946","post","type-post","status-publish","format-standard","hentry","category-novena-do-senhor-bom-jesus-do-bomfim","category-selo-independente","tag-novena-do-senhor-bom-jesus-do-bomfim","tag-selo-independente"],"_links":{"self":[{"href":"https:\/\/www.toque-musicall.com\/index.php?rest_route=\/wp\/v2\/posts\/8946","targetHints":{"allow":["GET"]}}],"collection":[{"href":"https:\/\/www.toque-musicall.com\/index.php?rest_route=\/wp\/v2\/posts"}],"about":[{"href":"https:\/\/www.toque-musicall.com\/index.php?rest_route=\/wp\/v2\/types\/post"}],"author":[{"embeddable":true,"href":"https:\/\/www.toque-musicall.com\/index.php?rest_route=\/wp\/v2\/users\/1"}],"replies":[{"embeddable":true,"href":"https:\/\/www.toque-musicall.com\/index.php?rest_route=%2Fwp%2Fv2%2Fcomments&post=8946"}],"version-history":[{"count":1,"href":"https:\/\/www.toque-musicall.com\/index.php?rest_route=\/wp\/v2\/posts\/8946\/revisions"}],"predecessor-version":[{"id":8947,"href":"https:\/\/www.toque-musicall.com\/index.php?rest_route=\/wp\/v2\/posts\/8946\/revisions\/8947"}],"wp:attachment":[{"href":"https:\/\/www.toque-musicall.com\/index.php?rest_route=%2Fwp%2Fv2%2Fmedia&parent=8946"}],"wp:term":[{"taxonomy":"category","embeddable":true,"href":"https:\/\/www.toque-musicall.com\/index.php?rest_route=%2Fwp%2Fv2%2Fcategories&post=8946"},{"taxonomy":"post_tag","embeddable":true,"href":"https:\/\/www.toque-musicall.com\/index.php?rest_route=%2Fwp%2Fv2%2Ftags&post=8946"}],"curies":[{"name":"wp","href":"https:\/\/api.w.org\/{rel}","templated":true}]}}