{"id":895,"date":"2010-03-26T09:17:00","date_gmt":"2010-03-26T09:17:00","guid":{"rendered":"http:\/\/www.toque-musicall.com\/?p=895"},"modified":"2010-03-26T09:17:00","modified_gmt":"2010-03-26T09:17:00","slug":"nivaldo-ornelas-nelson-ayres-marcio-montarroyos-toninho-horta-concerto-planeta-terra-1989","status":"publish","type":"post","link":"https:\/\/www.toque-musicall.com\/?p=895","title":{"rendered":"Nivaldo Ornelas, Nelson Ayres, M\u00e1rcio Montarroyos &#038; Toninho Horta &#8211; Concerto Planeta Terra (1989)"},"content":{"rendered":"<p><a href=\"http:\/\/4.bp.blogspot.com\/_DSKVEvHtskc\/S6x9Cn0vQpI\/AAAAAAAAGWg\/wtUrMRk1BR4\/s1600\/folder.jpg\"><img decoding=\"async\" style=\"TEXT-ALIGN: center; MARGIN: 0px auto 10px; WIDTH: 400px; DISPLAY: block; HEIGHT: 400px; CURSOR: hand\" id=\"BLOGGER_PHOTO_ID_5452870732842222226\" border=\"0\" alt=\"\" src=\"http:\/\/4.bp.blogspot.com\/_DSKVEvHtskc\/S6x9Cn0vQpI\/AAAAAAAAGWg\/wtUrMRk1BR4\/s400\/folder.jpg\" \/><\/a> Bom dia meus amigos cultos e ocultos! Como sempre, a gente nunca consegue agradar a todos. Seja na escolha dos \u00e1lbuns apresentados, seja na escolha do provedor de links. Desta vez parece que alguns est\u00e3o tendo problemas para baixar atrav\u00e9s do Mediafire. Eu acredito que isso esteja acontecendo devido a uma s\u00e9rie de possibilidades, entre elas o fato de n\u00e3o termos uma conta &#8216;Premium&#8217;, a baixa qualidade de conex\u00e3o em algumas regi\u00f5es do Brasil e as interfer\u00eancias na rede devido ao aquecimento solar. A conta especial a gente pode at\u00e9 providenciar, mas melhorar a conex\u00e3o da rede e criar uma consci\u00eancia ecol\u00f3gica em todo o mundo ainda vai demorar.<br \/>Por falar em consci\u00eancia ecol\u00f3gica, nosso encontro musical e independente desta sexta feira tem como tema justamente esta quest\u00e3o. Traz o encontro de quatro feras da m\u00fasica (instrumental) brasileira: Nelson Ayres, Nivaldo Ornelas, M\u00e1rcio Montarroyos e Toninho Horta. Trago hoje para voc\u00eas o maravilhoso &#8216;Concerto Planeta Terra&#8221;. Um \u00e1lbum duplo realizado pela IBM do Brasil e distribu\u00eddo de maneira n\u00e3o comercial. O concerto aconteceu em S\u00e3o Paulo, no Parque Ibirapuera, em 1989. Foi um espet\u00e1culo grandioso, ao n\u00edvel dos artistas principais, com direito a Orquestra Sinf\u00f4nica (Jovem de Campinas) e os Corais da IBM de Sampa e Campinas. Participaram tamb\u00e9m, na cozinha de apoio aos &#8216;tr\u00eas mosqueteiros&#8217;, Zeca Assump\u00e7\u00e3o no contrabaixo e Carlos Bala na bateria. Por a\u00ed j\u00e1 d\u00e1 para se ter uma ideia da qualidade musical do show e do produto final que \u00e9 este disco. Para completar, a dire\u00e7\u00e3o musical do projeto foi toda de Toninho Horta. O \u00e1lbum se divide igualmente para os quatro m\u00fasicos e suas composi\u00e7\u00f5es feitas especialmente para o projeto. Cada lado pertence a um artista que representa os quatro elementos: Ar &#8211; Nivaldo Ornelas, \u00c1gua &#8211; Nelson Ayres, Fogo &#8211; M\u00e1rcio Montarroyos e Terra &#8211; Toninho Horta. Confiram o toque&#8230;<\/p>\n<div align=\"center\">nivaldo ornelas &#8211; ar<\/div>\n<div align=\"center\">1\u00ba movimento: abertura<\/div>\n<div align=\"center\">2\u00ba movimento: rock novo<\/div>\n<div align=\"center\">3\u00ba movimento: varia\u00e7\u00f5es sobre um tema dos Beatles<\/div>\n<div align=\"center\"> nelson ayres &#8211; \u00e1gua<\/div>\n<div align=\"center\">m\u00e1rcio montarroyos &#8211; fogo<\/div>\n<div align=\"center\">toninho horta &#8211; terra<\/div>\n<div align=\"center\">1\u00ba movimento<\/div>\n<div align=\"center\">2\u00ba movimento<\/div>\n<div align=\"center\">3\u00ba movimento<\/div>\n<div align=\"center\"> <\/div>\n<div align=\"center\"> <\/div>\n","protected":false},"excerpt":{"rendered":"<p>Bom dia meus amigos cultos e ocultos! Como sempre, a gente nunca consegue agradar a todos. Seja na escolha dos \u00e1lbuns apresentados, seja na escolha do provedor de links. Desta vez parece que alguns est\u00e3o tendo problemas para baixar atrav\u00e9s &hellip; <a href=\"https:\/\/www.toque-musicall.com\/?p=895\">Continue lendo <span class=\"meta-nav\">&rarr;<\/span><\/a><\/p>\n","protected":false},"author":1,"featured_media":0,"comment_status":"open","ping_status":"closed","sticky":false,"template":"","format":"standard","meta":{"footnotes":""},"categories":[1199,1198,797,471],"tags":[],"class_list":["post-895","post","type-post","status-publish","format-standard","hentry","category-marcio-montarroyos","category-nelson-ayres","category-nivaldo-ornelas","category-toninho-horta"],"_links":{"self":[{"href":"https:\/\/www.toque-musicall.com\/index.php?rest_route=\/wp\/v2\/posts\/895","targetHints":{"allow":["GET"]}}],"collection":[{"href":"https:\/\/www.toque-musicall.com\/index.php?rest_route=\/wp\/v2\/posts"}],"about":[{"href":"https:\/\/www.toque-musicall.com\/index.php?rest_route=\/wp\/v2\/types\/post"}],"author":[{"embeddable":true,"href":"https:\/\/www.toque-musicall.com\/index.php?rest_route=\/wp\/v2\/users\/1"}],"replies":[{"embeddable":true,"href":"https:\/\/www.toque-musicall.com\/index.php?rest_route=%2Fwp%2Fv2%2Fcomments&post=895"}],"version-history":[{"count":0,"href":"https:\/\/www.toque-musicall.com\/index.php?rest_route=\/wp\/v2\/posts\/895\/revisions"}],"wp:attachment":[{"href":"https:\/\/www.toque-musicall.com\/index.php?rest_route=%2Fwp%2Fv2%2Fmedia&parent=895"}],"wp:term":[{"taxonomy":"category","embeddable":true,"href":"https:\/\/www.toque-musicall.com\/index.php?rest_route=%2Fwp%2Fv2%2Fcategories&post=895"},{"taxonomy":"post_tag","embeddable":true,"href":"https:\/\/www.toque-musicall.com\/index.php?rest_route=%2Fwp%2Fv2%2Ftags&post=895"}],"curies":[{"name":"wp","href":"https:\/\/api.w.org\/{rel}","templated":true}]}}