{"id":8950,"date":"2021-11-18T21:13:00","date_gmt":"2021-11-18T23:13:00","guid":{"rendered":"https:\/\/www.toque-musicall.com\/?p=8950"},"modified":"2021-11-22T21:16:32","modified_gmt":"2021-11-22T23:16:32","slug":"tata-guarnieri-albatroz-1983","status":"publish","type":"post","link":"https:\/\/www.toque-musicall.com\/?p=8950","title":{"rendered":"Tat\u00e1 Guarnieri &#8211; Albatroz (1983)"},"content":{"rendered":"\n<figure class=\"wp-block-image size-large\"><img decoding=\"async\" src=\"https:\/\/blogger.googleusercontent.com\/img\/a\/AVvXsEjUVrSVGooE1V_LS-bm9vaU6P-FekdIguO923tla2HyUv-p2_g6xRuu_naMznH4P_rYnO0P1iI7GWb8gZNQj6bFfDBPdj9URMBeZ4VF6ry6SfILF1wdu6vrWcI5DyZFw8ciC8UCVw36p5140aOWCMRLNbgAbs6yZpvCmD4EmWl46CnmqBH9qhg_5sa_cQ=w640-h638\" alt=\"\"\/><\/figure>\n\n\n\n<figure class=\"wp-block-image size-large\"><img decoding=\"async\" src=\"https:\/\/blogger.googleusercontent.com\/img\/a\/AVvXsEiRsnTQE2TI1ewXEVJ2h-WDDzW-daQAdwVM4MURpsJSjBJa3IPVNPaisE75T85DvpRvdMIAcNYg5gGuIeDxIA4ePSyjTjxd4E7sELhJNDT6O5-qVdDqf7PxOBKIx3sO2ciTDzom-qNQBUJo0AkoNj3kxeYV2IFW0CZVKCaSdcZeUUbRs_NFRD94NoryQg=w640-h640\" alt=\"\"\/><\/figure>\n\n\n<div class=\"separator\">Diga l\u00e1, amigos cultos e ocultos&#8230; Aqui outro disco que eu tamb\u00e9m n\u00e3o conhecia, vindo entre os muitos lps que ganhei do meu amigo F\u00e1res, &#8220;Tat\u00e1 Guarnieri &#8211; Albatroz&#8221;. Trabalho bem interessante e sendo produ\u00e7\u00e3o do Luiz Carlos Calanca (Baratos Afins), pode acreditar que vale a pena conhecer. O disco foi lan\u00e7ado em 1983 pelo selo Baratos Afins, na sua fase de maior produ\u00e7\u00e3o fonogr\u00e1fica, quando ainda se era poss\u00edvel lan\u00e7ar discos com alguns requintes, incluindo encartes, capas duplas, etc&#8230; No caso, aqui temos um disco com algumas dessas qualidades, al\u00e9m \u00e9 claro do pr\u00f3prio conte\u00fado art\u00edstico que \u00e9 assinado por Tat\u00e1 Guarnieri e Toninho Mendes. Um disco autoral idealizado pelo parceiro, o compositor e poeta Toninho Mendes. &#8220;Albatroz&#8221; foi o primeiro lp de Tat\u00e1 Guarnieri que tamb\u00e9m \u00e9 m\u00fasico e compositor e j\u00e1 havia gravado um compacto produzido pelo Zimbo Trio. Neste lp Tat\u00e1 procura destacar mais o seu lado de int\u00e9rprete, sem deixar de lado, claro, suas composi\u00e7\u00f5es. E como ele pr\u00f3prio define, &#8220;Albatroz&#8221; \u00e9 um disco sem um estilo bem definido, por\u00e9m de uma beleza po\u00e9tica e musical que faz deste um trabalho que vale a pena conhecer. Nos encartes do \u00e1lbum h\u00e1 mais informa\u00e7\u00f5es e eu deixo que voc\u00eas mesmo as procurem. pois eu aqui estou que nem paulista, sem tempo e num corre doido. Confiram no GTM&#8230;<\/div>\n<div class=\"separator\">\u00a0<\/div>\n<div class=\"separator\">albatroz<\/div>\n<div class=\"separator\">para vinicius, lennon e cartola<\/div>\n<div class=\"separator\">marang\u00e1 au\u00ea<\/div>\n<div class=\"separator\">risco de prata<\/div>\n<div class=\"separator\">margem a margem<\/div>\n<div class=\"separator\">cordeiros do cora\u00e7\u00e3o de lata<\/div>\n<div class=\"separator\">ch\u00e3o<\/div>\n<div class=\"separator\">n\u00f3s<\/div>\n<div class=\"separator\">serpentina<\/div>\n<div class=\"separator\">o espirito do lobisomen<\/div>\n<div class=\"separator\">o cora\u00e7\u00e3o do mundo<\/div>\n<div class=\"separator\">cora\u00e7\u00e3o 45<\/div>\n<div class=\"separator\">pelo puro prazer de viver<\/div>\n<div class=\"separator\">\u00a0<\/div>\n<div class=\"separator\">\u00a0<\/div>\n<div class=\"separator\">.<\/div>\n<div class=\"separator\">\u00a0<\/div>","protected":false},"excerpt":{"rendered":"<p>Diga l\u00e1, amigos cultos e ocultos&#8230; Aqui outro disco que eu tamb\u00e9m n\u00e3o conhecia, vindo entre os muitos lps que ganhei do meu amigo F\u00e1res, &#8220;Tat\u00e1 Guarnieri &#8211; Albatroz&#8221;. Trabalho bem interessante e sendo produ\u00e7\u00e3o do Luiz Carlos Calanca (Baratos &hellip; <a href=\"https:\/\/www.toque-musicall.com\/?p=8950\">Continue lendo <span class=\"meta-nav\">&rarr;<\/span><\/a><\/p>\n","protected":false},"author":1,"featured_media":0,"comment_status":"closed","ping_status":"closed","sticky":false,"template":"","format":"standard","meta":{"footnotes":""},"categories":[98,4849],"tags":[3033,4850],"class_list":["post-8950","post","type-post","status-publish","format-standard","hentry","category-selo-baratos-afins","category-tata-guarnieri","tag-selo-baratos-afins","tag-tata-guarnieri"],"_links":{"self":[{"href":"https:\/\/www.toque-musicall.com\/index.php?rest_route=\/wp\/v2\/posts\/8950","targetHints":{"allow":["GET"]}}],"collection":[{"href":"https:\/\/www.toque-musicall.com\/index.php?rest_route=\/wp\/v2\/posts"}],"about":[{"href":"https:\/\/www.toque-musicall.com\/index.php?rest_route=\/wp\/v2\/types\/post"}],"author":[{"embeddable":true,"href":"https:\/\/www.toque-musicall.com\/index.php?rest_route=\/wp\/v2\/users\/1"}],"replies":[{"embeddable":true,"href":"https:\/\/www.toque-musicall.com\/index.php?rest_route=%2Fwp%2Fv2%2Fcomments&post=8950"}],"version-history":[{"count":1,"href":"https:\/\/www.toque-musicall.com\/index.php?rest_route=\/wp\/v2\/posts\/8950\/revisions"}],"predecessor-version":[{"id":8951,"href":"https:\/\/www.toque-musicall.com\/index.php?rest_route=\/wp\/v2\/posts\/8950\/revisions\/8951"}],"wp:attachment":[{"href":"https:\/\/www.toque-musicall.com\/index.php?rest_route=%2Fwp%2Fv2%2Fmedia&parent=8950"}],"wp:term":[{"taxonomy":"category","embeddable":true,"href":"https:\/\/www.toque-musicall.com\/index.php?rest_route=%2Fwp%2Fv2%2Fcategories&post=8950"},{"taxonomy":"post_tag","embeddable":true,"href":"https:\/\/www.toque-musicall.com\/index.php?rest_route=%2Fwp%2Fv2%2Ftags&post=8950"}],"curies":[{"name":"wp","href":"https:\/\/api.w.org\/{rel}","templated":true}]}}