{"id":8957,"date":"2021-11-21T09:23:00","date_gmt":"2021-11-21T11:23:00","guid":{"rendered":"https:\/\/www.toque-musicall.com\/?p=8957"},"modified":"2021-11-26T09:34:16","modified_gmt":"2021-11-26T11:34:16","slug":"tony-damito-e-conjunto-brasa-5-esse-galo-e-um-espeto-1967","status":"publish","type":"post","link":"https:\/\/www.toque-musicall.com\/?p=8957","title":{"rendered":"Tony Damito E Conjunto Brasa 5 &#8211; Esse Galo \u00c9 Um Espeto (1967)"},"content":{"rendered":"\n<figure class=\"wp-block-image size-large\"><img decoding=\"async\" src=\"https:\/\/blogger.googleusercontent.com\/img\/a\/AVvXsEhvpZ86cndUeoJ7oOB1Am1yc02YwqpvC8cPYkzmnNW7TI8J05oXF1Lrs_m8IHwV5hhYJYEJAsfaDQRtRj42ibOcHgq6E_oFjCq6HW2Nu8GnX6WrbBK75Q9i95QoIShcb2GF3jza7cPkdHPJlVJ63ELXtNVMHedbw82pCfH0CdV_OGir59_UYeDO9GOsLw=w636-h640\" alt=\"\"\/><\/figure>\n\n\n\n<figure class=\"wp-block-image size-large\"><img decoding=\"async\" src=\"https:\/\/blogger.googleusercontent.com\/img\/a\/AVvXsEjaWvxep_pjD-a170ATQdrYJrT3AQ8XfY7IOTc6SGwzHIfbH8-HT9RF8UOix4Rm-voWJG4Y5Gvf4xjUfBn0JB3zCGAurPDnuWpmEkKXAUkLtEk5LSThheUabzVGGzEpkz5u9PMoOAO3mE_xhYg9YV_X_aC9doVgVWUuHIgVdMs-3j34eAtJuC_jLqfxdg=w640-h638\" alt=\"\"\/><\/figure>\n\n\n<div class=\"separator\">Boa hora a todos, amigos cultos e ocultos! E em especial aos amigos atleticanos que vez por outra me pedem para postar aqui os discos do Gal\u00e3o. Hoje, finalmente, resolvi fazer um agrado, afinal eu tamb\u00e9m sou da massa e o momento \u00e9 bem prop\u00edcio, diga-se de passagem, n\u00e3o \u00e9 mesmo? Separei para os pr\u00f3ximos dias tr\u00eas compactos deste time centen\u00e1rio, tradicional e o mais amado de Minas Gerais.\u00a0<\/div>\n<div class=\"separator\">Aqui temos este compacto lan\u00e7ado em 1967 trazendo o cantor Tony Damito acompanhado pelo conjunto Brasa 5, prestando uma justa homenagem ao maior clube futebol\u00edstico mineiro. Por certo, alguns ir\u00e3o dizer que \u00e9 pretens\u00e3o minha, deixando de lado o Am\u00e9rica e o Cruzeiro. Mas convenhamos, dentro do cen\u00e1rio desportivo nacional, times de destaque s\u00e3o os que est\u00e3o na primeira divis\u00e3o, n\u00e3o \u00e9 mesmo? hehehe&#8230;\u00a0<\/div>\n<div class=\"separator\">\u00a0<\/div>\n<div class=\"separator\">esse galo \u00e9 um espeto<\/div>\n<div class=\"separator\">galinho, tu \u00e9s o maior<\/div>\n<div class=\"separator\">\u00a0<\/div>\n<div class=\"separator\">\u00a0<\/div>\n<div class=\"separator\">.<\/div>","protected":false},"excerpt":{"rendered":"<p>Boa hora a todos, amigos cultos e ocultos! E em especial aos amigos atleticanos que vez por outra me pedem para postar aqui os discos do Gal\u00e3o. Hoje, finalmente, resolvi fazer um agrado, afinal eu tamb\u00e9m sou da massa e &hellip; <a href=\"https:\/\/www.toque-musicall.com\/?p=8957\">Continue lendo <span class=\"meta-nav\">&rarr;<\/span><\/a><\/p>\n","protected":false},"author":1,"featured_media":0,"comment_status":"closed","ping_status":"closed","sticky":false,"template":"","format":"standard","meta":{"footnotes":""},"categories":[4856,93,4858,1170,3248,4857],"tags":[4860,3072,4862,4861,3249,3183],"class_list":["post-8957","post","type-post","status-publish","format-standard","hentry","category-atletico-mineiro","category-compactos","category-conjunto-brasa-5","category-galo","category-selo-bmg","category-tony-damito","tag-atletico-mineiro","tag-compactos","tag-conjunto-brasa-5","tag-galo","tag-selo-bmg","tag-tony-damito"],"_links":{"self":[{"href":"https:\/\/www.toque-musicall.com\/index.php?rest_route=\/wp\/v2\/posts\/8957","targetHints":{"allow":["GET"]}}],"collection":[{"href":"https:\/\/www.toque-musicall.com\/index.php?rest_route=\/wp\/v2\/posts"}],"about":[{"href":"https:\/\/www.toque-musicall.com\/index.php?rest_route=\/wp\/v2\/types\/post"}],"author":[{"embeddable":true,"href":"https:\/\/www.toque-musicall.com\/index.php?rest_route=\/wp\/v2\/users\/1"}],"replies":[{"embeddable":true,"href":"https:\/\/www.toque-musicall.com\/index.php?rest_route=%2Fwp%2Fv2%2Fcomments&post=8957"}],"version-history":[{"count":1,"href":"https:\/\/www.toque-musicall.com\/index.php?rest_route=\/wp\/v2\/posts\/8957\/revisions"}],"predecessor-version":[{"id":8958,"href":"https:\/\/www.toque-musicall.com\/index.php?rest_route=\/wp\/v2\/posts\/8957\/revisions\/8958"}],"wp:attachment":[{"href":"https:\/\/www.toque-musicall.com\/index.php?rest_route=%2Fwp%2Fv2%2Fmedia&parent=8957"}],"wp:term":[{"taxonomy":"category","embeddable":true,"href":"https:\/\/www.toque-musicall.com\/index.php?rest_route=%2Fwp%2Fv2%2Fcategories&post=8957"},{"taxonomy":"post_tag","embeddable":true,"href":"https:\/\/www.toque-musicall.com\/index.php?rest_route=%2Fwp%2Fv2%2Ftags&post=8957"}],"curies":[{"name":"wp","href":"https:\/\/api.w.org\/{rel}","templated":true}]}}