{"id":8959,"date":"2021-11-22T09:41:00","date_gmt":"2021-11-22T11:41:00","guid":{"rendered":"https:\/\/www.toque-musicall.com\/?p=8959"},"modified":"2021-11-28T07:01:06","modified_gmt":"2021-11-28T09:01:06","slug":"garotos-da-lua-no-mundo-da-lua-1956-2","status":"publish","type":"post","link":"https:\/\/www.toque-musicall.com\/?p=8959","title":{"rendered":"Os Garotos da Lua &#8211; No Mundo da Lua (1956)"},"content":{"rendered":"\n<figure class=\"wp-block-image size-large\"><img decoding=\"async\" src=\"https:\/\/blogger.googleusercontent.com\/img\/a\/AVvXsEgKJ25aDJYX1-LX6rnUAggQVTTj6azLIn6QiykJN7B3rt0OO9yDtsLY3Lk0sRMaaIlLfWpq_mjc-Xhz-TYJ5ZtP4N0FEzI9X10CbAF2jjRt6xZ76ilPguxLwrhQC17DxD8PiXfXoGLupayNo-rBRKxmdlE2iNytps7uR9fAWcDPLm7VozCQrcpi79Feyg=w640-h632\" alt=\"\"\/><\/figure>\n\n\n\n<figure class=\"wp-block-image size-large\"><img decoding=\"async\" src=\"https:\/\/blogger.googleusercontent.com\/img\/a\/AVvXsEjrfimFmsrXrP6pOfkqOMKsx2m3EyIN3B1b_bUjRkbwyLd5QTew7haikCkXllocMBeM8DM9JjJFJkPEVej0zZSaVV6DnYs6_DuyX5JXsvqpezEGxwCYjsYRhyqgLTloYAf88Ubq4KuP61cdPuz1hMFsksxoY3xOPvXYwbJbIvkS7H9TC5dHrs2vg7mhhw=w636-h640\" alt=\"\"\/><\/figure>\n\n\n<div class=\"separator\">Ol\u00e1, meus amigos cultos e ocultos! Seguimos hoje trazendo novamente um disco de 10 polegadas, s\u00f3 que desta vez n\u00e3o voltaremos a regra do 10-12 polegadas alternados, mas os tr\u00eas formatos estar\u00e3o sempre presentes por aqui, com certeza \ud83d\ude09<\/div>\n<div class=\"separator\">Desta vez estamos trazendo o lend\u00e1rio conjunto vocal, os Garotos da Lua, grupo este formado em Pernambuco, nos anos 40. Integrado inicialmente por Jonas Silva, Toninho (Antonio Botelho dos Santos), Alvinho (\u00c1lvaro Pinheiro de Sena), Acyr (Acyr Bastos Melo), Milton (Milton Alexandre Silva) e Edgardo (Edgardo Luiz Luna Freire). Inspirados em grupos vocais americanos e em especial por grupos vocais brasileiros como o Bando da Lua e Os Anjos do Inferno, eles logo estariam buscando o destaque nacional ao descerem para o Rio de Janeiro. Nesse momento Jonas Silva foi substitu\u00eddo pelo ent\u00e3o, tamb\u00e9m estreante cantor baiano, Jo\u00e3o Gilberto. O grupo se manteve coeso por um determinado momento. Com Jo\u00e3o Gilberto gravaram apenas dois discos de 78 rpm. Logo ele tamb\u00e9m seria substitu\u00eddo, devido aos atrasos e faltas aos ensaios e apresenta\u00e7\u00f5es. Os Garotos da Lua gravaram ao longo dos anos 40 e 50 uma dezena de bolach\u00f5es. &#8220;No Mundo da Lua&#8221; foi o \u00fanico lp que chegaram a gravar, em 56, pela Sinter. No repert\u00f3rio uma s\u00e9rie de sambas, bai\u00e3o e beguine. M\u00fasicas de sucesso e que fizeram sucesso tamb\u00e9m com eles. Vamos conferir?<\/div>\n<div class=\"separator\">&nbsp;<\/div>\n<div class=\"separator\">na baixa do sapateiro<\/div>\n<div class=\"separator\">vou tentar esquecer<\/div>\n<div class=\"separator\">qui nem jil\u00f3<\/div>\n<div class=\"separator\">n\u00e3o diga n\u00e3o<\/div>\n<div class=\"separator\">j\u00e1 vai?<\/div>\n<div class=\"separator\">l\u00e1 vem a baiana<\/div>\n<div class=\"separator\">recorda\u00e7\u00e3o<\/div>\n<div class=\"separator\">policromia brasileira<\/div>\n<div class=\"separator\">&nbsp;<\/div>\n<div class=\"separator\">&nbsp;<\/div>\n<div class=\"separator\">.<\/div>","protected":false},"excerpt":{"rendered":"<p>Ol\u00e1, meus amigos cultos e ocultos! Seguimos hoje trazendo novamente um disco de 10 polegadas, s\u00f3 que desta vez n\u00e3o voltaremos a regra do 10-12 polegadas alternados, mas os tr\u00eas formatos estar\u00e3o sempre presentes por aqui, com certeza \ud83d\ude09 Desta &hellip; <a href=\"https:\/\/www.toque-musicall.com\/?p=8959\">Continue lendo <span class=\"meta-nav\">&rarr;<\/span><\/a><\/p>\n","protected":false},"author":1,"featured_media":0,"comment_status":"closed","ping_status":"closed","sticky":false,"template":"","format":"standard","meta":{"footnotes":""},"categories":[1498,261],"tags":[],"class_list":["post-8959","post","type-post","status-publish","format-standard","hentry","category-os-garotos-da-lua","category-selo-sinter"],"_links":{"self":[{"href":"https:\/\/www.toque-musicall.com\/index.php?rest_route=\/wp\/v2\/posts\/8959","targetHints":{"allow":["GET"]}}],"collection":[{"href":"https:\/\/www.toque-musicall.com\/index.php?rest_route=\/wp\/v2\/posts"}],"about":[{"href":"https:\/\/www.toque-musicall.com\/index.php?rest_route=\/wp\/v2\/types\/post"}],"author":[{"embeddable":true,"href":"https:\/\/www.toque-musicall.com\/index.php?rest_route=\/wp\/v2\/users\/1"}],"replies":[{"embeddable":true,"href":"https:\/\/www.toque-musicall.com\/index.php?rest_route=%2Fwp%2Fv2%2Fcomments&post=8959"}],"version-history":[{"count":3,"href":"https:\/\/www.toque-musicall.com\/index.php?rest_route=\/wp\/v2\/posts\/8959\/revisions"}],"predecessor-version":[{"id":8962,"href":"https:\/\/www.toque-musicall.com\/index.php?rest_route=\/wp\/v2\/posts\/8959\/revisions\/8962"}],"wp:attachment":[{"href":"https:\/\/www.toque-musicall.com\/index.php?rest_route=%2Fwp%2Fv2%2Fmedia&parent=8959"}],"wp:term":[{"taxonomy":"category","embeddable":true,"href":"https:\/\/www.toque-musicall.com\/index.php?rest_route=%2Fwp%2Fv2%2Fcategories&post=8959"},{"taxonomy":"post_tag","embeddable":true,"href":"https:\/\/www.toque-musicall.com\/index.php?rest_route=%2Fwp%2Fv2%2Ftags&post=8959"}],"curies":[{"name":"wp","href":"https:\/\/api.w.org\/{rel}","templated":true}]}}