{"id":896,"date":"2010-03-25T10:16:00","date_gmt":"2010-03-25T10:16:00","guid":{"rendered":"http:\/\/www.toque-musicall.com\/?p=896"},"modified":"2010-03-25T10:16:00","modified_gmt":"2010-03-25T10:16:00","slug":"carioca-swings-the-delphin-jr-orchestra-plays-dance-dance-dance-1965","status":"publish","type":"post","link":"https:\/\/www.toque-musicall.com\/?p=896","title":{"rendered":"Carioca Swings &#8211; The Delphin Jr. Orchestra Plays &#8211; Dance&#8230; Dance&#8230; Dance&#8230; (1965)"},"content":{"rendered":"<p><a href=\"http:\/\/4.bp.blogspot.com\/_DSKVEvHtskc\/S6s40-CD1wI\/AAAAAAAAGWU\/Tb5FXec7CDQ\/s1600\/folder.jpg\"><img decoding=\"async\" style=\"TEXT-ALIGN: center; MARGIN: 0px auto 10px; WIDTH: 400px; DISPLAY: block; HEIGHT: 399px; CURSOR: hand\" id=\"BLOGGER_PHOTO_ID_5452514256518108930\" border=\"0\" alt=\"\" src=\"http:\/\/4.bp.blogspot.com\/_DSKVEvHtskc\/S6s40-CD1wI\/AAAAAAAAGWU\/Tb5FXec7CDQ\/s400\/folder.jpg\" \/><\/a> Quase que sem querer, acabei transformando as postagens da semana numa mostra de regentes e orquestradores. Hoje e mais uma vez, marcando presen\u00e7a no Toque Musical, temos o Maestro Carioca, figura importante na m\u00fasica brasileira, mas como outros antigos artistas, esquecida em meio a tanta mediocridade musical. Como no caso do Andr\u00e9 Penazzi, Maestro Carioca \u00e9 um nome dif\u00edcil de encontrar informa\u00e7\u00f5es, pelo menos atrav\u00e9s da rede. Sites especializados, que se gabam de serem fomentadores da cultura e hist\u00f3ria na MPB, a cada nova consulta que fa\u00e7o, me faz perceber o quanto ainda s\u00e3o incompletos. Vamos ent\u00e3o ajudar&#8230; Segundo a Enciclop\u00e9dia Brasileira da Di\u00e1spora Africana, o Maestro Carioca foi um trombonista que integrou a gera\u00e7\u00e3o de m\u00fasicos que, na d\u00e9cada de 40, tra\u00e7ou os caminhos da m\u00fasica popular orquestral brasileira. Chefe de orquestra, compositor, arranjador e instrumentista, nascido em Taubat\u00e9, SP, em 1910 (faleceu no Rio de Janeiro em 1991). Seu verdadeiro nome era Ivan Paulo da Silva. \u00c9 de sua autoria o famoso prefixo do antigo notici\u00e1rio radiof\u00f4nico &#8220;Rep\u00f3rter Esso&#8221;. Durante tr\u00eas d\u00e9cadas ele esteve a frente de diversas orquestras, trabalhou no r\u00e1dio e na televis\u00e3o. Gravou dezenas de discos e participou e outros tantos numa diversidade musical que abrange diferentes estilos. No presente lp o maestro vem nos brindar, mais uma vez, como um grande &#8216;band leader&#8217;, \u00e0 frente de sua orquestra, ele nos traz alguns dos mais famosos &#8216;standards&#8217; da m\u00fasica americana. Disco muito bacana. Para mim, s\u00f3 faltou &#8220;Caravan&#8221; de Tizol. Confiram&#8230;<\/p>\n<div align=\"center\">love is a many splendored thing<\/div>\n<div align=\"center\">this can&#8217;t be love<\/div>\n<div align=\"center\">blue moon<\/div>\n<div align=\"center\">sentimental journey<\/div>\n<div align=\"center\">all the way<\/div>\n<div align=\"center\">love me or leave me<\/div>\n<div align=\"center\">s&#8217; wonderful<\/div>\n<div align=\"center\">night an day<\/div>\n<div align=\"center\">summertime<\/div>\n<div align=\"center\">blues in the night<\/div>\n<div align=\"center\">love letters<\/div>\n<div align=\"center\">flamingo<\/div>\n<div align=\"center\"><\/div>\n<div align=\"center\"><\/div>\n","protected":false},"excerpt":{"rendered":"<p>Quase que sem querer, acabei transformando as postagens da semana numa mostra de regentes e orquestradores. Hoje e mais uma vez, marcando presen\u00e7a no Toque Musical, temos o Maestro Carioca, figura importante na m\u00fasica brasileira, mas como outros antigos artistas, &hellip; <a href=\"https:\/\/www.toque-musicall.com\/?p=896\">Continue lendo <span class=\"meta-nav\">&rarr;<\/span><\/a><\/p>\n","protected":false},"author":1,"featured_media":0,"comment_status":"open","ping_status":"closed","sticky":false,"template":"","format":"standard","meta":{"footnotes":""},"categories":[1052,174],"tags":[],"class_list":["post-896","post","type-post","status-publish","format-standard","hentry","category-carioca-e-sua-orquestra","category-maestro-carioca"],"_links":{"self":[{"href":"https:\/\/www.toque-musicall.com\/index.php?rest_route=\/wp\/v2\/posts\/896","targetHints":{"allow":["GET"]}}],"collection":[{"href":"https:\/\/www.toque-musicall.com\/index.php?rest_route=\/wp\/v2\/posts"}],"about":[{"href":"https:\/\/www.toque-musicall.com\/index.php?rest_route=\/wp\/v2\/types\/post"}],"author":[{"embeddable":true,"href":"https:\/\/www.toque-musicall.com\/index.php?rest_route=\/wp\/v2\/users\/1"}],"replies":[{"embeddable":true,"href":"https:\/\/www.toque-musicall.com\/index.php?rest_route=%2Fwp%2Fv2%2Fcomments&post=896"}],"version-history":[{"count":0,"href":"https:\/\/www.toque-musicall.com\/index.php?rest_route=\/wp\/v2\/posts\/896\/revisions"}],"wp:attachment":[{"href":"https:\/\/www.toque-musicall.com\/index.php?rest_route=%2Fwp%2Fv2%2Fmedia&parent=896"}],"wp:term":[{"taxonomy":"category","embeddable":true,"href":"https:\/\/www.toque-musicall.com\/index.php?rest_route=%2Fwp%2Fv2%2Fcategories&post=896"},{"taxonomy":"post_tag","embeddable":true,"href":"https:\/\/www.toque-musicall.com\/index.php?rest_route=%2Fwp%2Fv2%2Ftags&post=896"}],"curies":[{"name":"wp","href":"https:\/\/api.w.org\/{rel}","templated":true}]}}