{"id":8963,"date":"2021-11-23T07:01:00","date_gmt":"2021-11-23T09:01:00","guid":{"rendered":"https:\/\/www.toque-musicall.com\/?p=8963"},"modified":"2021-11-28T07:04:05","modified_gmt":"2021-11-28T09:04:05","slug":"voo-livre-1981","status":"publish","type":"post","link":"https:\/\/www.toque-musicall.com\/?p=8963","title":{"rendered":"Voo Livre (1981)"},"content":{"rendered":"\n<figure class=\"wp-block-image size-large\"><img decoding=\"async\" src=\"https:\/\/blogger.googleusercontent.com\/img\/a\/AVvXsEgxePYWxsRiwreBqmNjV6ew-BdHRSgtGcLD7Srmdkzng3VoLqxPuIrnOCYmY5NX1MSligID716EqMjEOmR5G7Ltwj_4C3FuyxCMVKH32DAJ_PrT_2-LD7J4sVljX7lYpSLxloWiILGAWK2BWM2MidPRKrB1lxuEu1GXQ3jc4FCXkTqc8t_660NFh1wlvA=w640-h634\" alt=\"\"\/><\/figure>\n\n\n\n<figure class=\"wp-block-image size-large\"><img decoding=\"async\" src=\"https:\/\/blogger.googleusercontent.com\/img\/a\/AVvXsEjk6nbjwa3pJSE-ZVMRmqn8AT3FGq5hjg2U8RH8m5kvh4LccB_6JU0_75MgAX3UBKKSoK7FkX3hQhRUOuD4W2MZ7Dy_PDjUcsr-CJfmU4YDj9SbRwrXRJQHY5IUQpRoVMt0HLlD-F18Z8dC5Z1kl2eOk_fxIz3Z6wRAkZ7oOpgVSxL9SiKdeZlpVCMmHQ=w636-h640\" alt=\"\"\/><\/figure>\n\n\n<div class=\"separator\">Boa hora, amigos cultos e ocultos! Entramos neste m\u00eas ainda mais na diversifica\u00e7\u00e3o fonomusical, misturando g\u00eaneros, \u00e9poca e artistas dos mais variados. \u00c9 o balai\u00e3o de fim de ano! Hehehe&#8230;<\/div>\n<div class=\"separator\">Aqui temos um raro exemplar do \u00fanico disco gravado pelo grupo ga\u00facho V\u00f4o Livre, uma edi\u00e7\u00e3o independente, produzido pelo selo ga\u00facho Pialo, em 1981. O V\u00f4o Livre foi um trio de rock, com influencias de hard e progue, surgido em Pelotas no final dos anos 70. Na \u00e9poca do lan\u00e7amento fizeram um relativo sucesso em r\u00e1dios especializadas em rock, mas a pegada daquele momento j\u00e1 era outra e a banda ficou limitada. Tinham at\u00e9 um projeto para um segundo disco ainda mais completo, por\u00e9m o desgaste de shows e a decad\u00eancia do rock progressivo, frente ao pop, punk e new wave, levaram o V\u00f4o Livre a uma aterrisagem for\u00e7ada. O trio se desfez e n\u00e3o mais voltou. Em 2011 este disco foi relan\u00e7ado e nele inclu\u00eddo mais tr\u00eas faixas, m\u00fasicas essas que fariam parte do projeto do segundo disco. O \u00e1lbum relan\u00e7ado em cd foi totalmente restaurado e remasterizado pelo m\u00fasico e produtor paulista Lelo Naz\u00e1rio. Embora j\u00e1 enterrado, o V\u00f4o Livre faz hoje parte e se destaca entre os grande nomes do rock ga\u00facho. Sem d\u00favida, um disco legal, que vale uma conferida&#8230;<\/div>\n<div class=\"separator\">\u00a0<\/div>\n<div class=\"separator\">hey<\/div>\n<div class=\"separator\">vis\u00e3o<\/div>\n<div class=\"separator\">viagem<\/div>\n<div class=\"separator\">chuva forte<\/div>\n<div class=\"separator\">pz4429<\/div>\n<div class=\"separator\">p\u00f4r do sol<\/div>\n<div class=\"separator\">\u00a0<\/div>\n<div class=\"separator\">\u00a0<\/div>\n<div class=\"separator\">\u00a0<\/div>","protected":false},"excerpt":{"rendered":"<p>Boa hora, amigos cultos e ocultos! Entramos neste m\u00eas ainda mais na diversifica\u00e7\u00e3o fonomusical, misturando g\u00eaneros, \u00e9poca e artistas dos mais variados. \u00c9 o balai\u00e3o de fim de ano! Hehehe&#8230; Aqui temos um raro exemplar do \u00fanico disco gravado pelo &hellip; <a href=\"https:\/\/www.toque-musicall.com\/?p=8963\">Continue lendo <span class=\"meta-nav\">&rarr;<\/span><\/a><\/p>\n","protected":false},"author":1,"featured_media":0,"comment_status":"closed","ping_status":"closed","sticky":false,"template":"","format":"standard","meta":{"footnotes":""},"categories":[25,4864,4863],"tags":[3017,4865,4866],"class_list":["post-8963","post","type-post","status-publish","format-standard","hentry","category-selo-independente","category-selo-pialo","category-voo-livre-2","tag-selo-independente","tag-selo-pialo","tag-voo-livre"],"_links":{"self":[{"href":"https:\/\/www.toque-musicall.com\/index.php?rest_route=\/wp\/v2\/posts\/8963","targetHints":{"allow":["GET"]}}],"collection":[{"href":"https:\/\/www.toque-musicall.com\/index.php?rest_route=\/wp\/v2\/posts"}],"about":[{"href":"https:\/\/www.toque-musicall.com\/index.php?rest_route=\/wp\/v2\/types\/post"}],"author":[{"embeddable":true,"href":"https:\/\/www.toque-musicall.com\/index.php?rest_route=\/wp\/v2\/users\/1"}],"replies":[{"embeddable":true,"href":"https:\/\/www.toque-musicall.com\/index.php?rest_route=%2Fwp%2Fv2%2Fcomments&post=8963"}],"version-history":[{"count":1,"href":"https:\/\/www.toque-musicall.com\/index.php?rest_route=\/wp\/v2\/posts\/8963\/revisions"}],"predecessor-version":[{"id":8964,"href":"https:\/\/www.toque-musicall.com\/index.php?rest_route=\/wp\/v2\/posts\/8963\/revisions\/8964"}],"wp:attachment":[{"href":"https:\/\/www.toque-musicall.com\/index.php?rest_route=%2Fwp%2Fv2%2Fmedia&parent=8963"}],"wp:term":[{"taxonomy":"category","embeddable":true,"href":"https:\/\/www.toque-musicall.com\/index.php?rest_route=%2Fwp%2Fv2%2Fcategories&post=8963"},{"taxonomy":"post_tag","embeddable":true,"href":"https:\/\/www.toque-musicall.com\/index.php?rest_route=%2Fwp%2Fv2%2Ftags&post=8963"}],"curies":[{"name":"wp","href":"https:\/\/api.w.org\/{rel}","templated":true}]}}