{"id":8965,"date":"2021-11-24T07:04:00","date_gmt":"2021-11-24T09:04:00","guid":{"rendered":"https:\/\/www.toque-musicall.com\/?p=8965"},"modified":"2021-11-28T07:07:19","modified_gmt":"2021-11-28T09:07:19","slug":"jose-dias-galo-legal-1969","status":"publish","type":"post","link":"https:\/\/www.toque-musicall.com\/?p=8965","title":{"rendered":"Jos\u00e9 Dias &#8211; Galo Legal (1969)"},"content":{"rendered":"\n<figure class=\"wp-block-image size-large\"><img decoding=\"async\" src=\"https:\/\/blogger.googleusercontent.com\/img\/a\/AVvXsEjoXRHlhy7sgb2vIp_KhssBZNUKhOg4513l0JvQsm845wb-xDws6elL1ZXUAqOXUeVVnSu8v6s9SnX4LDlvdstLbNOoXyFA9Iybs0FKWZa4IViaeATj3VaHyDSOEPEpPl9mJV9Bb95KQBoin_E7EVUCgCZdSkWC7ugIWkExhkoPdUQAN5PVKVm6wqgMRg=w632-h640\" alt=\"\"\/><\/figure>\n\n\n\n<figure class=\"wp-block-image size-large\"><img decoding=\"async\" src=\"https:\/\/blogger.googleusercontent.com\/img\/a\/AVvXsEgHiwFHA7JC_j3r_PNt57qH6JsTalcwi9wrdB2mPUgWNppRwXkjjuuGaLr8bn_fk2dvgaFsI8LsgwsT7wjq63jL_tZDu8NxLKdhUdmq6HdZXG-YBkge-9tjbFyLZmyCAnASyGGQ_Xv_YIj6W9BY9tx_8bRfAq52iQ56-NtUEMWx0zZSqFvFFC9YcS3iKw=w626-h640\" alt=\"\"\/><\/figure>\n\n\n<div class=\"separator\">Boa hora, amigos e torcedores cultos e ocultos! Vai aqui mais um disquinho do Gal\u00e3o da massa. N\u00e3o sei se \u00e9 porque eu sou atleticano e s\u00f3 olho para o que acontece com ele, mas o time do Galo sempre teve seus torcedores apaixonados, a tal ponto que nunca lhe faltou homenagens. E na \u00e9poca de ouro do disco de vinil, muitos foram lan\u00e7ados, cantando as gl\u00f3rias desse time mineiro t\u00e3o querido. De compactos a lps e mesmo na fase do cds, sempre houve e ouve-se o Gal\u00e3o cantar. aqui temos um compacto com duas m\u00fasicas de autoria de tr\u00eas irm\u00e3os torcedores, Mauro, Jo\u00e3o e Pl\u00ednio Saraiva. Os irm\u00e3os Saraiva fazem parte da mem\u00f3ria da cultura popular, do n\u00facleo de resist\u00eancia da Velha Guarda do samba de Belo Horizonte. S\u00e3o autores de in\u00fameros sambas e marchas, inclusive e tamb\u00e9m para os times do Cruzeiro e Am\u00e9rica. Neste disquinho temos duas de suas composi\u00e7\u00f5es interpretadas pelo cantor Jos\u00e9 Dias. Eis a\u00ed uma boa curiosidade fonomusical que agrada mesmo quem (infelizmente) n\u00e3o \u00e9 atleticano \ud83d\ude42 Vamos conferir?<\/div>\n<div class=\"separator\">\u00a0<\/div>\n<div class=\"separator\">galo legal<\/div>\n<div class=\"separator\">galo tinindo<\/div>\n<div class=\"separator\">\u00a0<\/div>\n<div class=\"separator\">\u00a0<\/div>\n<div class=\"separator\">.\u00a0<\/div>","protected":false},"excerpt":{"rendered":"<p>Boa hora, amigos e torcedores cultos e ocultos! Vai aqui mais um disquinho do Gal\u00e3o da massa. N\u00e3o sei se \u00e9 porque eu sou atleticano e s\u00f3 olho para o que acontece com ele, mas o time do Galo sempre &hellip; <a href=\"https:\/\/www.toque-musicall.com\/?p=8965\">Continue lendo <span class=\"meta-nav\">&rarr;<\/span><\/a><\/p>\n","protected":false},"author":1,"featured_media":0,"comment_status":"closed","ping_status":"closed","sticky":false,"template":"","format":"standard","meta":{"footnotes":""},"categories":[4867,93,1170,257],"tags":[4860,3072,4861,3397],"class_list":["post-8965","post","type-post","status-publish","format-standard","hentry","category-clube-atletico-mineiro","category-compactos","category-galo","category-selo-bemol","tag-atletico-mineiro","tag-compactos","tag-galo","tag-selo-bemol"],"_links":{"self":[{"href":"https:\/\/www.toque-musicall.com\/index.php?rest_route=\/wp\/v2\/posts\/8965","targetHints":{"allow":["GET"]}}],"collection":[{"href":"https:\/\/www.toque-musicall.com\/index.php?rest_route=\/wp\/v2\/posts"}],"about":[{"href":"https:\/\/www.toque-musicall.com\/index.php?rest_route=\/wp\/v2\/types\/post"}],"author":[{"embeddable":true,"href":"https:\/\/www.toque-musicall.com\/index.php?rest_route=\/wp\/v2\/users\/1"}],"replies":[{"embeddable":true,"href":"https:\/\/www.toque-musicall.com\/index.php?rest_route=%2Fwp%2Fv2%2Fcomments&post=8965"}],"version-history":[{"count":1,"href":"https:\/\/www.toque-musicall.com\/index.php?rest_route=\/wp\/v2\/posts\/8965\/revisions"}],"predecessor-version":[{"id":8966,"href":"https:\/\/www.toque-musicall.com\/index.php?rest_route=\/wp\/v2\/posts\/8965\/revisions\/8966"}],"wp:attachment":[{"href":"https:\/\/www.toque-musicall.com\/index.php?rest_route=%2Fwp%2Fv2%2Fmedia&parent=8965"}],"wp:term":[{"taxonomy":"category","embeddable":true,"href":"https:\/\/www.toque-musicall.com\/index.php?rest_route=%2Fwp%2Fv2%2Fcategories&post=8965"},{"taxonomy":"post_tag","embeddable":true,"href":"https:\/\/www.toque-musicall.com\/index.php?rest_route=%2Fwp%2Fv2%2Ftags&post=8965"}],"curies":[{"name":"wp","href":"https:\/\/api.w.org\/{rel}","templated":true}]}}