{"id":8967,"date":"2021-11-25T09:01:00","date_gmt":"2021-11-25T11:01:00","guid":{"rendered":"https:\/\/www.toque-musicall.com\/?p=8967"},"modified":"2021-11-28T09:06:34","modified_gmt":"2021-11-28T11:06:34","slug":"denise-emmer-canto-lunar-1982","status":"publish","type":"post","link":"https:\/\/www.toque-musicall.com\/?p=8967","title":{"rendered":"Denise Emmer &#8211; Canto Lunar (1982)"},"content":{"rendered":"\n<figure class=\"wp-block-image size-large\"><img decoding=\"async\" src=\"https:\/\/blogger.googleusercontent.com\/img\/a\/AVvXsEiVyFJkkmvxSgtHHcKPtLoAG1HlNzxu5qZR_mpKX7rdQbd2wfSR4S5y8U7pHBlE48fAX-gCcpiPPkiZsZCaWzqK-bx60jNH3zHsFZYe55eTC9yPAY6rCCQPtvfC5ebmbrsUaqyXNAh0QWycsQLWCnWOcoXDXg7M_k25byiI_2FPJKea5Z1TwMhd_YcmlQ=w640-h640\" alt=\"\"\/><\/figure>\n\n\n\n<figure class=\"wp-block-image size-large\"><img decoding=\"async\" src=\"https:\/\/blogger.googleusercontent.com\/img\/a\/AVvXsEhN4qyN8rzG89QeGiQ3dV5GIOk3s0r8dmYpPxNo2-_Yvyeb0e30lRpe0qLn_qLgAvuzcg_lyAyl55K78UUjX2O_M_-_lWtiKrbtsrmGEZDucIA5Ewb8Zc2S9rq2Jw2GpOcq0n1FNAk-vYlPxdH006nv8jyygO1K_fMQ_Z_FJHZjZfSHc3zkUaxuhoTaow=w632-h640\" alt=\"\"\/><\/figure>\n\n\n<div class=\"separator\">Bom dia a todos, amigos cultos e ocultos! N\u00e3o \u00e9 de hoje que eu venho querendo postar aqui algum disco dessa maravilhosa artista chamada Denise Emmer. Acho que at\u00e9 ent\u00e3o n\u00e3o o fiz por conta de seus discos j\u00e1 estarem bem divulgados em blogs. Parece que essa mo\u00e7ada mais nova andou descobrindo o talento desta grande artista e seus discos. Hoje, seus lps sumiram da pra\u00e7a, os poucos que encontramos s\u00e3o ditados pelo famigerado Mercado Livre, onde o que vale \u00e9 a especula\u00e7\u00e3o. E depois que se atinge uma cifra por l\u00e1, torna-se objeto de desejo de compulsivos e vaidosos colecionadores. Por\u00e9m, contudo, est\u00e1 aqui uma obra e uma artista que merecem mesmo grande aten\u00e7\u00e3o e interesse. Denise Emmer, para quem n\u00e3o sabe, \u00e9 uma artista de alto n\u00edvel. Cantora, compositora, poetisa, escritora, violonista e violoncelista. E n\u00e3o por acaso, \u00e9 filha de dois grandes escritores, Janete Clair e Dias Gomes. Denise come\u00e7ou cedo na vida art\u00edstica, fazendo suas composi\u00e7\u00f5es quando ainda era crian\u00e7a. Tamb\u00e9m estudou piano cl\u00e1ssico e se formou em F\u00edsica. Como violoncelista, faz parte da Orquestra Rio Camerata e do Quarteto de Cordas Legatto. Como escritora tem uma dezena de livros, poesias e contos. Sempre muito atuante, uma escritora tamb\u00e9m premiada. No campo da m\u00fasica popular tem tamb\u00e9m v\u00e1rios discos gravados, sendo este &#8220;Canto Lunar&#8221; seu terceiro lp, lan\u00e7ado pela RGE, em 1982. Eu queria ter postado incialmente aqui o primeiro disco, o &#8220;Pelos Caminhos da Am\u00e9rica&#8221;, de 81, mas o meu lp est\u00e1 com a capa bem judiada, meu amigo F\u00e1res at\u00e9 me mandou as capas novas, mas procurando aqui n\u00e3o encontrei. Da\u00ed, achei melhor ficarmos com o &#8220;Canto Lunar&#8221; que tamb\u00e9m \u00e9 t\u00e3o lindo quanto o primeiro. Denise Emmer faz um tipo de m\u00fasica rara, ou seja, de qualidades excepcionais, pois tem poesia, um sentimento que muitos artistas compositores n\u00e3o possuem, al\u00e9m de um refinado gosto musical. Sua m\u00fasica tem influ\u00eancias latino-americanas, somado a uma sonoridade, tamb\u00e9m, que nos lembra a m\u00fasica medieval. Diversos artistas j\u00e1 gravaram suas m\u00fasicas. &#8220;Canto Lunar&#8221; \u00e9 como os demais discos que ela gravou, impec\u00e1vel! Disco para se ter na cole\u00e7\u00e3o, m\u00fasicas para se ter no cora\u00e7\u00e3o. N\u00e3o deixem de conferir&#8230;<\/div>\n<div>\u00a0<\/div>\n<div class=\"separator\">canto lunar<\/div>\n<div class=\"separator\">\n<div class=\"separator\">luzes da cidade<\/div>\n<div>voa cora\u00e7\u00e3o<\/div>\n<\/div>\n<div class=\"separator\">mo\u00e7a de la mancha<\/div>\n<div class=\"separator\">grande amor<\/div>\n<div class=\"separator\">o amor \u00e9 leve<\/div>\n<div class=\"separator\">o sol<\/div>\n<div class=\"separator\">can\u00e7\u00e3o de acender a noite<\/div>\n<div class=\"separator\">estrela no mar, peixe no c\u00e9u<\/div>\n<div class=\"separator\">cama na cal\u00e7ada<\/div>\n<div class=\"separator\">\u00a0<\/div>\n<div class=\"separator\">\u00a0<\/div>\n<div class=\"separator\">.<\/div>","protected":false},"excerpt":{"rendered":"<p>Bom dia a todos, amigos cultos e ocultos! N\u00e3o \u00e9 de hoje que eu venho querendo postar aqui algum disco dessa maravilhosa artista chamada Denise Emmer. Acho que at\u00e9 ent\u00e3o n\u00e3o o fiz por conta de seus discos j\u00e1 estarem &hellip; <a href=\"https:\/\/www.toque-musicall.com\/?p=8967\">Continue lendo <span class=\"meta-nav\">&rarr;<\/span><\/a><\/p>\n","protected":false},"author":1,"featured_media":0,"comment_status":"closed","ping_status":"closed","sticky":false,"template":"","format":"standard","meta":{"footnotes":""},"categories":[4868,153],"tags":[4869,3091],"class_list":["post-8967","post","type-post","status-publish","format-standard","hentry","category-denise-emmer","category-selo-rge","tag-denise-emmer","tag-selo-rge"],"_links":{"self":[{"href":"https:\/\/www.toque-musicall.com\/index.php?rest_route=\/wp\/v2\/posts\/8967","targetHints":{"allow":["GET"]}}],"collection":[{"href":"https:\/\/www.toque-musicall.com\/index.php?rest_route=\/wp\/v2\/posts"}],"about":[{"href":"https:\/\/www.toque-musicall.com\/index.php?rest_route=\/wp\/v2\/types\/post"}],"author":[{"embeddable":true,"href":"https:\/\/www.toque-musicall.com\/index.php?rest_route=\/wp\/v2\/users\/1"}],"replies":[{"embeddable":true,"href":"https:\/\/www.toque-musicall.com\/index.php?rest_route=%2Fwp%2Fv2%2Fcomments&post=8967"}],"version-history":[{"count":3,"href":"https:\/\/www.toque-musicall.com\/index.php?rest_route=\/wp\/v2\/posts\/8967\/revisions"}],"predecessor-version":[{"id":8970,"href":"https:\/\/www.toque-musicall.com\/index.php?rest_route=\/wp\/v2\/posts\/8967\/revisions\/8970"}],"wp:attachment":[{"href":"https:\/\/www.toque-musicall.com\/index.php?rest_route=%2Fwp%2Fv2%2Fmedia&parent=8967"}],"wp:term":[{"taxonomy":"category","embeddable":true,"href":"https:\/\/www.toque-musicall.com\/index.php?rest_route=%2Fwp%2Fv2%2Fcategories&post=8967"},{"taxonomy":"post_tag","embeddable":true,"href":"https:\/\/www.toque-musicall.com\/index.php?rest_route=%2Fwp%2Fv2%2Ftags&post=8967"}],"curies":[{"name":"wp","href":"https:\/\/api.w.org\/{rel}","templated":true}]}}