{"id":8971,"date":"2021-11-26T23:08:00","date_gmt":"2021-11-27T01:08:00","guid":{"rendered":"https:\/\/www.toque-musicall.com\/?p=8971"},"modified":"2021-11-28T23:11:24","modified_gmt":"2021-11-29T01:11:24","slug":"marino-cafundo-de-moraes-missa-do-violeiro-do-brasil-1980","status":"publish","type":"post","link":"https:\/\/www.toque-musicall.com\/?p=8971","title":{"rendered":"Marino Cafund\u00f3 De Moraes &#8211; Missa Do Violeiro Do Brasil (1980)"},"content":{"rendered":"\n<figure class=\"wp-block-image size-large\"><img decoding=\"async\" src=\"https:\/\/blogger.googleusercontent.com\/img\/a\/AVvXsEgJ0Z2gYANXRqeiWH-xxnSdzLunIgBj4o9HjyH1lbbY8P-kCKmBNXvn7c8SKFeWH9VQTWQY3Sl1nlmJuz5uee6eQYq1RTbNG_7yXFRz6DE9jUglmvJ1Y7sS-W5d5ihMAZJktFzAmzHTRjg7-nZQTry9EikMD_e0YwU_IWQIYKys0-kGAbIRCvFJC-icZA=w624-h640\" alt=\"\"\/><\/figure>\n\n\n\n<figure class=\"wp-block-image size-large\"><img decoding=\"async\" src=\"https:\/\/blogger.googleusercontent.com\/img\/a\/AVvXsEjIw4ICsH3KIaOQJvuS95LmnL3SGw8tz3WyhXMUEfklPpJTW8gNBcti6SFoBw7uImXHedHWE5o5sdlfUO5aw8uyaunaBu5j_eDoTwqzAMd193pErHSOrXaDi4-pwQLHhG1rJRNysDDFVkRD4MFAOzhJ3Hbq7zzryRNYjz0lW9RY4NB3GAWxQy3AiyClWg=w640-h634\" alt=\"\"\/><\/figure>\n\n\n<div class=\"separator\">Caros amigos cultos e ocultos, como v\u00e3o?\u00a0 Seguindo aqui em nossas variedades &#8216;fonomusicais&#8217;, temos para hoje este raro compacto produzido pela Edi\u00e7\u00f5es Paulinas, em 1980. Trata-se da Missa do Violeiro do Brasil, um evento lit\u00fargico-musical coordenado por Marino Cafund\u00f3 de Moraes e sua &#8220;Orquestra de Violas Sertanejas&#8221;. Marino era paulista, tenente da militar, m\u00fasico e maestro que se dedicou a m\u00fasica folcl\u00f3rica, criando em Osasco, nos anos 70, a Casa dos Violeiros do Brasil. Com sua orquestra de violeiros, com at\u00e9 60 instrumentistas fez v\u00e1rias apresenta\u00e7\u00f5es e tamb\u00e9m foi respons\u00e1vel pelas &#8220;Missa Sertaneja&#8221; e &#8220;Missa do Violeiro do Brasil&#8221;, as quais foram registradas em disco atrav\u00e9s de O Domingo, um editorial da Edi\u00e7\u00f5es Paulinas. Aqui temos apenas a Missa do Violeiro do Brasil, que por sinal, me parece, tamb\u00e9m teve um lan\u00e7amento em lp, no caso, mais completo. O mesmo vale para a Missa Sertaneja. Por\u00e9m, contudo, temos neste um compacto triplo e inclui encartes.<\/div>\n<div class=\"separator\">\u00a0<\/div>\n<div class=\"separator\">canto de entrada<\/div>\n<div class=\"separator\">canto de medita\u00e7\u00e3o<\/div>\n<div class=\"separator\">canto de aclama\u00e7\u00e3o<\/div>\n<div class=\"separator\">canto de ofertas<\/div>\n<div class=\"separator\">canto da comunh\u00e3o<\/div>\n<div class=\"separator\">canto da despedida<\/div>\n<div class=\"separator\">\u00a0<\/div>\n<div class=\"separator\">\u00a0<\/div>\n<div class=\"separator\">.<\/div>","protected":false},"excerpt":{"rendered":"<p>Caros amigos cultos e ocultos, como v\u00e3o?\u00a0 Seguindo aqui em nossas variedades &#8216;fonomusicais&#8217;, temos para hoje este raro compacto produzido pela Edi\u00e7\u00f5es Paulinas, em 1980. Trata-se da Missa do Violeiro do Brasil, um evento lit\u00fargico-musical coordenado por Marino Cafund\u00f3 de &hellip; <a href=\"https:\/\/www.toque-musicall.com\/?p=8971\">Continue lendo <span class=\"meta-nav\">&rarr;<\/span><\/a><\/p>\n","protected":false},"author":1,"featured_media":0,"comment_status":"closed","ping_status":"closed","sticky":false,"template":"","format":"standard","meta":{"footnotes":""},"categories":[93,4870,25],"tags":[3072,4871,3017],"class_list":["post-8971","post","type-post","status-publish","format-standard","hentry","category-compactos","category-marino-cafundo-de-mores","category-selo-independente","tag-compactos","tag-marino-cafundo-de-moraes","tag-selo-independente"],"_links":{"self":[{"href":"https:\/\/www.toque-musicall.com\/index.php?rest_route=\/wp\/v2\/posts\/8971","targetHints":{"allow":["GET"]}}],"collection":[{"href":"https:\/\/www.toque-musicall.com\/index.php?rest_route=\/wp\/v2\/posts"}],"about":[{"href":"https:\/\/www.toque-musicall.com\/index.php?rest_route=\/wp\/v2\/types\/post"}],"author":[{"embeddable":true,"href":"https:\/\/www.toque-musicall.com\/index.php?rest_route=\/wp\/v2\/users\/1"}],"replies":[{"embeddable":true,"href":"https:\/\/www.toque-musicall.com\/index.php?rest_route=%2Fwp%2Fv2%2Fcomments&post=8971"}],"version-history":[{"count":1,"href":"https:\/\/www.toque-musicall.com\/index.php?rest_route=\/wp\/v2\/posts\/8971\/revisions"}],"predecessor-version":[{"id":8972,"href":"https:\/\/www.toque-musicall.com\/index.php?rest_route=\/wp\/v2\/posts\/8971\/revisions\/8972"}],"wp:attachment":[{"href":"https:\/\/www.toque-musicall.com\/index.php?rest_route=%2Fwp%2Fv2%2Fmedia&parent=8971"}],"wp:term":[{"taxonomy":"category","embeddable":true,"href":"https:\/\/www.toque-musicall.com\/index.php?rest_route=%2Fwp%2Fv2%2Fcategories&post=8971"},{"taxonomy":"post_tag","embeddable":true,"href":"https:\/\/www.toque-musicall.com\/index.php?rest_route=%2Fwp%2Fv2%2Ftags&post=8971"}],"curies":[{"name":"wp","href":"https:\/\/api.w.org\/{rel}","templated":true}]}}