{"id":8973,"date":"2021-11-27T08:40:00","date_gmt":"2021-11-27T10:40:00","guid":{"rendered":"https:\/\/www.toque-musicall.com\/?p=8973"},"modified":"2021-11-29T08:42:29","modified_gmt":"2021-11-29T10:42:29","slug":"a-voz-da-rca-victor-suplemento-no-21-agosto-1959","status":"publish","type":"post","link":"https:\/\/www.toque-musicall.com\/?p=8973","title":{"rendered":"A Voz Da RCA Victor &#8211; Suplemento N\u00ba 21 Agosto (1959)"},"content":{"rendered":"\n<figure class=\"wp-block-image size-large\"><img decoding=\"async\" src=\"https:\/\/blogger.googleusercontent.com\/img\/a\/AVvXsEhrNVieovgzmXJFOlf2GAko_ZTxB4y_R8BIJpQ2FwbY5FReomI5i7itAVSWey8wbAwCUFjEHVSkncOjaexkrUFGsu-torMX2JVZKftBP7zzQruSmA8_32l4ujtPRXL1sFnwAfqwZf0YJO2mJgywkAoHBbilm67uVw51IIykVeeFjOpfEm4kKA-M2klrsQ=w638-h640\" alt=\"\"\/><\/figure>\n\n\n\n<figure class=\"wp-block-image size-large\"><img decoding=\"async\" src=\"https:\/\/blogger.googleusercontent.com\/img\/a\/AVvXsEh5lCYbYfDCkZOG2ww5zzyHooXJfwAoGdGHUYUMuOwXoOXr5yC0YQmbCI_4clx1h4d7csU2eOwIYitzyRUEsCdRDRJs2nalCepBG5770yUizTaeEqCQK2ismT_2VO8GA-y0KB_2mIuVvck38XsTJZFmeRID8k37n5Wjes4G-4d4qouoY3Dqcn7hfwwj6Q=w628-h640\" alt=\"\"\/><\/figure>\n\n\n<div class=\"separator\">Bom dia, boa hora&#8230; a todos os amigos cultos e ocultos! Um aviso que sempre tenho que deixar aqui, pois n\u00e3o basta ele destacado em vermelho no Grupo Toque Musical, parece que boa parte dos amigos associados n\u00e3o leem as regras. Como \u00e9 informado por l\u00e1: \u00c9 PROIBIDO FAZER ALTERA\u00c7\u00d5ES NAS CONFIGURA\u00c7\u00d5ES DO GRUPO. Quando algu\u00e9m tenta burlar as regras e altera alguma coisa no seu perfil no GTM, acaba sendo automaticamente banido. Um programa de monitoramento faz a varredura semanal, assim, evitem alterar qualquer coisa, porque depois de banido n\u00e3o tem como voltar ao grupo com o mesmo e-mail.<\/div>\n<div class=\"separator\">Bom, dando sequencia a nossa mostra, seguimos com mais um disco da s\u00e9rie &#8220;A Voz da RCA Victor&#8221;, um suplemento musical criado pela gravadora e distribu\u00eddo nas r\u00e1dios e lojas de discos da \u00e9poca. Eram discos promocionais criados para divulgar os lan\u00e7amentos. Curiosamente, s\u00e3o discos de 12 polegadas, que rodam em 33 rpm, apresentando os lan\u00e7amentos de discos de 78 rpm da gravadora. Esses discos sa\u00edam mensalmente e traziam tanto os lan\u00e7amentos nacionais quanto os internacionais. A \u00fanica coisa ruim nesta cole\u00e7\u00e3o \u00e9 que as m\u00fasicas n\u00e3o s\u00e3o apresentadas por inteiro. Por\u00e9m, n\u00e3o deixa de ser algo interessante e s\u00f3 mesmo aqui, no Toque Musical, voc\u00eas v\u00e3o ver e ouvir isso. Confiram mais este n\u00famero&#8230;<\/div>\n<div class=\"separator\">\u00a0<\/div>\n<div class=\"separator\">papai do meu cora\u00e7\u00e3o \/ ideias erradas &#8211; carlos galhardo<\/div>\n<div class=\"separator\">balada alegre \/ a vida \u00e9 bela &#8211; neusa maria<\/div>\n<div class=\"separator\">meu grande papai \/ papai do c\u00e9u &#8211; verinha l\u00facia<\/div>\n<div class=\"separator\">vida da minha vida \/ eu creio em ti &#8211; jorge goulart<\/div>\n<div class=\"separator\">n\u00f3s dois a s\u00f3s \/ recorda\u00e7\u00e3o do passado &#8211; ivete siqueira<\/div>\n<div class=\"separator\">botequim da vida \/ viol\u00e3o amigo &#8211; roberto vidal<\/div>\n<div class=\"separator\">madame saudade \/ del\u00edrio &#8211; carlos nobre<\/div>\n<div class=\"separator\">o di\u00e1rio \/ velha paineira &#8211; carlos gonzaga<\/div>\n<div class=\"separator\">santos dumont \/ vai por mim &#8211; mario zan<\/div>\n<div class=\"separator\">dia dos pais \/ estrela de ouro &#8211; luiz gonzaga<\/div>\n<div class=\"separator\">homenagem a jk \/ mariana &#8211; ary lobo<\/div>\n<div class=\"separator\">eu sou mais o papai &#8211; neusa maria<\/div>\n<div class=\"separator\">viva o nosso papai &#8211; zaccarias e orquestra excelsior<\/div>\n<div class=\"separator\">forr\u00f3 em quixad\u00e1 \/ cai\u00e7ara &#8211; severino janu\u00e1rio<\/div>\n<div class=\"separator\">poema da minha alma \/ p\u00e1gina esquecida &#8211; nenete e dorinho<\/div>\n<div class=\"separator\">drama de amor \/ desprezo &#8211; bi\u00e9 e juquinha<\/div>\n<div class=\"separator\">come prima \/ solo mio &#8211; mario lanza<\/div>\n<div class=\"separator\">cha cha charleston \/ volcano &#8211; the three suns<\/div>\n<div class=\"separator\">i go ape \/ moon of gold &#8211; neil sedaka<\/div>\n<div class=\"separator\">catalaina \/ the milionaire &#8211; perez prado<\/div>\n<div class=\"separator\">donde estar\u00e1 mi vida \/ caudal escondido &#8211; joselito<\/div>\n<div class=\"separator\">\u00a0<\/div>\n<div class=\"separator\">\u00a0<\/div>\n<div class=\"separator\">.<\/div>","protected":false},"excerpt":{"rendered":"<p>Bom dia, boa hora&#8230; a todos os amigos cultos e ocultos! Um aviso que sempre tenho que deixar aqui, pois n\u00e3o basta ele destacado em vermelho no Grupo Toque Musical, parece que boa parte dos amigos associados n\u00e3o leem as &hellip; <a href=\"https:\/\/www.toque-musicall.com\/?p=8973\">Continue lendo <span class=\"meta-nav\">&rarr;<\/span><\/a><\/p>\n","protected":false},"author":1,"featured_media":0,"comment_status":"closed","ping_status":"closed","sticky":false,"template":"","format":"standard","meta":{"footnotes":""},"categories":[4771,70],"tags":[4772,3061],"class_list":["post-8973","post","type-post","status-publish","format-standard","hentry","category-a-voz-da-rca-victor","category-selo-rca-victor","tag-a-voz-da-rca-victor","tag-selo-rca-victor"],"_links":{"self":[{"href":"https:\/\/www.toque-musicall.com\/index.php?rest_route=\/wp\/v2\/posts\/8973","targetHints":{"allow":["GET"]}}],"collection":[{"href":"https:\/\/www.toque-musicall.com\/index.php?rest_route=\/wp\/v2\/posts"}],"about":[{"href":"https:\/\/www.toque-musicall.com\/index.php?rest_route=\/wp\/v2\/types\/post"}],"author":[{"embeddable":true,"href":"https:\/\/www.toque-musicall.com\/index.php?rest_route=\/wp\/v2\/users\/1"}],"replies":[{"embeddable":true,"href":"https:\/\/www.toque-musicall.com\/index.php?rest_route=%2Fwp%2Fv2%2Fcomments&post=8973"}],"version-history":[{"count":1,"href":"https:\/\/www.toque-musicall.com\/index.php?rest_route=\/wp\/v2\/posts\/8973\/revisions"}],"predecessor-version":[{"id":8974,"href":"https:\/\/www.toque-musicall.com\/index.php?rest_route=\/wp\/v2\/posts\/8973\/revisions\/8974"}],"wp:attachment":[{"href":"https:\/\/www.toque-musicall.com\/index.php?rest_route=%2Fwp%2Fv2%2Fmedia&parent=8973"}],"wp:term":[{"taxonomy":"category","embeddable":true,"href":"https:\/\/www.toque-musicall.com\/index.php?rest_route=%2Fwp%2Fv2%2Fcategories&post=8973"},{"taxonomy":"post_tag","embeddable":true,"href":"https:\/\/www.toque-musicall.com\/index.php?rest_route=%2Fwp%2Fv2%2Ftags&post=8973"}],"curies":[{"name":"wp","href":"https:\/\/api.w.org\/{rel}","templated":true}]}}