{"id":8975,"date":"2021-11-28T10:39:00","date_gmt":"2021-11-28T12:39:00","guid":{"rendered":"https:\/\/www.toque-musicall.com\/?p=8975"},"modified":"2021-11-29T10:46:06","modified_gmt":"2021-11-29T12:46:06","slug":"dupla-ouro-e-prata-lagrimas-de-barracao-1961","status":"publish","type":"post","link":"https:\/\/www.toque-musicall.com\/?p=8975","title":{"rendered":"Dupla Ouro E Prata &#8211; L\u00e1grimas De Barrac\u00e3o (1961)"},"content":{"rendered":"\n<figure class=\"wp-block-image size-large\"><img decoding=\"async\" src=\"https:\/\/blogger.googleusercontent.com\/img\/a\/AVvXsEigckUDkHNzN1klpQFMEawj0XSWdbdrWBRcmSFAbFHzeM6YMG6R8Prx0Iz5EgJPXHTbg6gObL8ZV5AYiR8pfX_HnKKCsCknE8vG6CTT6pblUTCjbJq7jR6K_BrB50iihIwYUFQhCchwS2PeStn5EG0FuhIVwUmR9qpmQBIdQS62P-wkkPSGLk4GyVJ0qw=w638-h640\" alt=\"\"\/><\/figure>\n\n\n\n<figure class=\"wp-block-image size-large\"><img decoding=\"async\" src=\"https:\/\/blogger.googleusercontent.com\/img\/a\/AVvXsEidmhIX8D4FjdF1Gtf5UvBvBtqwRZ9M65atZJj1mMuDItQgsLJU2Xqkh3qwWHSYqEiit6zWGe4xo2vUgm2vVMTe6p9lkN6Rm0kE22Xf0IeG7d8tQ9PjxYGgmc2FCL1zNm50glO0KcBXdBN2IpwjYVtOcskOfZDp2KtChzoCKYHihBnskUto-FYtw8m5uw=w610-h640\" alt=\"\"\/><\/figure>\n\n\n<div class=\"separator\">Boa hora para todos, amigos cultos e ocultos! Ontem, revendo alguns arquivos do nosso &#8216;banco fonomusical&#8217;, estive ouvindo o disquinho que hoje apresento a voc\u00eas. Este, por sinal, veio de outra fonte. Disco baixado em algum outro blog, com certeza. Sei que tenho este disco, mas visto que temos um arquivo aqui j\u00e1 completo e no capricho, melhor aproveit\u00e1-lo, n\u00e3o \u00e9 mesmo?<\/div>\n<div class=\"separator\">Ent\u00e3o, temos aqui um dez polegadas, lan\u00e7ado em 1961 pelo selo Polydor. Trata-se da Dupla Ouro e Prata, um grupo vocal surgido nos anos 40. Conforme o texto de contracapa, a dupla foi organizada por Miguel Angelo Roggieri, que ao longo da exist\u00eancia do grupo formou a dupla com Rubi\u00e3o de Oliveira e depois com Oswaldo Cruz. Fizeram muito sucesso no r\u00e1dio, televis\u00e3o e cinema at\u00e9 1963, quando ent\u00e3o a dupla acabou por conta da morte de Miguel Angelo. No arquivo deste disco h\u00e1 mais informa\u00e7\u00f5es sobre a Dupla Ouro e Prata. O repert\u00f3rio \u00e9 bem interessante, com sambas e batuques autorais.<\/div>\n<div class=\"separator\">\u00a0<\/div>\n<div class=\"separator\">adeus marap\u00e9<\/div>\n<div class=\"separator\">capote de pobre \u00e9 cacha\u00e7a<\/div>\n<div class=\"separator\">cacarecos<\/div>\n<div class=\"separator\">linda mocinha<\/div>\n<div class=\"separator\">l\u00e1grimas de barrac\u00e3o<\/div>\n<div class=\"separator\">seu rel\u00f3gio<\/div>\n<div class=\"separator\">o drama do chofer<\/div>\n<div class=\"separator\">boi bumb\u00e1<\/div>\n<div class=\"separator\">\u00a0<\/div>\n<div class=\"separator\">\u00a0<\/div>\n<div class=\"separator\">.<\/div>","protected":false},"excerpt":{"rendered":"<p>Boa hora para todos, amigos cultos e ocultos! Ontem, revendo alguns arquivos do nosso &#8216;banco fonomusical&#8217;, estive ouvindo o disquinho que hoje apresento a voc\u00eas. Este, por sinal, veio de outra fonte. Disco baixado em algum outro blog, com certeza. &hellip; <a href=\"https:\/\/www.toque-musicall.com\/?p=8975\">Continue lendo <span class=\"meta-nav\">&rarr;<\/span><\/a><\/p>\n","protected":false},"author":1,"featured_media":0,"comment_status":"closed","ping_status":"closed","sticky":false,"template":"","format":"standard","meta":{"footnotes":""},"categories":[4873,146],"tags":[4872,3057],"class_list":["post-8975","post","type-post","status-publish","format-standard","hentry","category-dupla-ouro-e-prata","category-selo-polydor","tag-dupla-ouro-e-prata","tag-selo-polydor"],"_links":{"self":[{"href":"https:\/\/www.toque-musicall.com\/index.php?rest_route=\/wp\/v2\/posts\/8975","targetHints":{"allow":["GET"]}}],"collection":[{"href":"https:\/\/www.toque-musicall.com\/index.php?rest_route=\/wp\/v2\/posts"}],"about":[{"href":"https:\/\/www.toque-musicall.com\/index.php?rest_route=\/wp\/v2\/types\/post"}],"author":[{"embeddable":true,"href":"https:\/\/www.toque-musicall.com\/index.php?rest_route=\/wp\/v2\/users\/1"}],"replies":[{"embeddable":true,"href":"https:\/\/www.toque-musicall.com\/index.php?rest_route=%2Fwp%2Fv2%2Fcomments&post=8975"}],"version-history":[{"count":1,"href":"https:\/\/www.toque-musicall.com\/index.php?rest_route=\/wp\/v2\/posts\/8975\/revisions"}],"predecessor-version":[{"id":8976,"href":"https:\/\/www.toque-musicall.com\/index.php?rest_route=\/wp\/v2\/posts\/8975\/revisions\/8976"}],"wp:attachment":[{"href":"https:\/\/www.toque-musicall.com\/index.php?rest_route=%2Fwp%2Fv2%2Fmedia&parent=8975"}],"wp:term":[{"taxonomy":"category","embeddable":true,"href":"https:\/\/www.toque-musicall.com\/index.php?rest_route=%2Fwp%2Fv2%2Fcategories&post=8975"},{"taxonomy":"post_tag","embeddable":true,"href":"https:\/\/www.toque-musicall.com\/index.php?rest_route=%2Fwp%2Fv2%2Ftags&post=8975"}],"curies":[{"name":"wp","href":"https:\/\/api.w.org\/{rel}","templated":true}]}}