{"id":8978,"date":"2021-11-30T10:45:00","date_gmt":"2021-11-30T12:45:00","guid":{"rendered":"https:\/\/www.toque-musicall.com\/?p=8978"},"modified":"2021-12-01T10:48:49","modified_gmt":"2021-12-01T12:48:49","slug":"noites-mineiras-1963","status":"publish","type":"post","link":"https:\/\/www.toque-musicall.com\/?p=8978","title":{"rendered":"Noites Mineiras (1963)"},"content":{"rendered":"\n<figure class=\"wp-block-image size-large\"><img decoding=\"async\" src=\"https:\/\/blogger.googleusercontent.com\/img\/a\/AVvXsEgJZ7BTrZCalIWvibnpsTj2FZEQPpWwo7OvSQRt8OvWQVj2-zCMmqILiXj7Oismfca9ryV4ILnv0dqFHeiqactEz0A0YROKqtVjDf4h9jvCnuLaF72pP9-6p8iWQ2XW_YMJtzwYModx_53_Mq33CCDHTmWSRq1dYFiO6NvJ2AFf2--Q4bkp4PV9vYHjJw=w634-h640\" alt=\"\"\/><\/figure>\n\n\n\n<figure class=\"wp-block-image size-large\"><img decoding=\"async\" src=\"https:\/\/blogger.googleusercontent.com\/img\/a\/AVvXsEi0sOTLZijWGJrU6kSEM3yW0F5AcbpZIP_QVdCpBb2jmmZoJBidxLI_szc8aJTJyVPu011kRdPH_zR2-hZnkSohEwCdvAcArcxvA3tJS8OUbAlk1DezGahU35Eczwsuh7lVpvSKF5nzFye_u_ggsQVoYx5tJO24Gl9juPk21ppnO7cijjOVNV5mcmZPSA=w622-h640\" alt=\"\"\/><\/figure>\n\n\n<div class=\"separator\">Ol\u00e1, caros amigos cultos e ocultos! E chegamos a mais um fim de m\u00eas&#8230; Novembro se foi e para fechar estou trazendo um disco que h\u00e1 tempos orbita meu universo fonogr\u00e1fico e n\u00e3o sei porque raz\u00e3o eu ainda n\u00e3o o postei. Foi preciso coloc\u00e1-lo para tocar para perceber o que n\u00f3s est\u00e1vamos perdendo. Eis um disco que realmente vale a pena resgatar, pois certamente voc\u00eas n\u00e3o o achar\u00e3o em outro lugar, talvez agora no Youtube, logo que o link for liberado no GTM, alguns dos amigos ocultos ir\u00e3o logo prestar o servi\u00e7o.<\/div>\n<div class=\"separator\">Pois bem, temos aqui o lp &#8220;Noites Mineiras&#8221;, disco produzido nas &#8216;Geraes&#8217; e lan\u00e7ado pelo obscuro selo mineiro Gal\u00e1xia, em 1963. (Por acaso, temos aqui no Toque Musical outro dois discos deste selo que focava a sua produ\u00e7\u00e3o em obras bem espec\u00edficas de cunho cultural. S\u00e3o bem raros os discos dessa editora) Ao \u00e1lbum em quest\u00e3o foi dado a dire\u00e7\u00e3o art\u00edstica e arranjos ao violonista Raul Alberto Marinuzzi, m\u00fasico (filho do compositor mineiro George Marinuzzi), foi maestro da Orquestra Sinf\u00f4nica de Belo Horizonte, presidente da Cemig, administrador de empresas e hoje, ao que sei, trabalha como palestrante, conferencista nas \u00e1reas de recursos humanos. A ele coube a dire\u00e7\u00e3o deste requintado \u00e1lbum de capa dupla, &#8220;Noites Mineiras&#8221; recrutando os m\u00fasicos certos para um projeto que buscava valorizar o cancioneiro popular das Minas Gerais. \u00c9, sem d\u00favida, um dos discos mais bonitos do g\u00eanero produzido aqui em Minas. S\u00e3o quinze temas populares, sendo alguns de autoria de Raul Marinuzzi. Um trabalho que se destaca pela qualidade e simplicidade. Altamente recomend\u00e1vel&#8230;<\/div>\n<div class=\"separator\">\u00a0<\/div>\n<div class=\"separator\">quisera<\/div>\n<div class=\"separator\">tim tim<\/div>\n<div class=\"separator\">alice<\/div>\n<div class=\"separator\">alecrim<\/div>\n<div class=\"separator\">flor do c\u00e9u<\/div>\n<div class=\"separator\">quebra quebra gabiroba<\/div>\n<div class=\"separator\">perp\u00e9tua<\/div>\n<div class=\"separator\">lembrando ouro preto<\/div>\n<div class=\"separator\">calango -d\u00ea<\/div>\n<div class=\"separator\">adeus boneca<\/div>\n<div class=\"separator\">peixe vivo<\/div>\n<div class=\"separator\">noite de lua cheia<\/div>\n<div class=\"separator\">chora morena<\/div>\n<div class=\"separator\">elvira escuta<\/div>\n<div class=\"separator\">tua sombra<\/div>\n<div class=\"separator\">\u00a0<\/div>\n<div class=\"separator\">\u00a0<\/div>\n<div class=\"separator\">.<\/div>","protected":false},"excerpt":{"rendered":"<p>Ol\u00e1, caros amigos cultos e ocultos! E chegamos a mais um fim de m\u00eas&#8230; Novembro se foi e para fechar estou trazendo um disco que h\u00e1 tempos orbita meu universo fonogr\u00e1fico e n\u00e3o sei porque raz\u00e3o eu ainda n\u00e3o o &hellip; <a href=\"https:\/\/www.toque-musicall.com\/?p=8978\">Continue lendo <span class=\"meta-nav\">&rarr;<\/span><\/a><\/p>\n","protected":false},"author":1,"featured_media":0,"comment_status":"closed","ping_status":"closed","sticky":false,"template":"","format":"standard","meta":{"footnotes":""},"categories":[4874,2019],"tags":[4875,4876],"class_list":["post-8978","post","type-post","status-publish","format-standard","hentry","category-noites-mineiras","category-selo-galaxia","tag-noites-mineiras","tag-selo-galaxia"],"_links":{"self":[{"href":"https:\/\/www.toque-musicall.com\/index.php?rest_route=\/wp\/v2\/posts\/8978","targetHints":{"allow":["GET"]}}],"collection":[{"href":"https:\/\/www.toque-musicall.com\/index.php?rest_route=\/wp\/v2\/posts"}],"about":[{"href":"https:\/\/www.toque-musicall.com\/index.php?rest_route=\/wp\/v2\/types\/post"}],"author":[{"embeddable":true,"href":"https:\/\/www.toque-musicall.com\/index.php?rest_route=\/wp\/v2\/users\/1"}],"replies":[{"embeddable":true,"href":"https:\/\/www.toque-musicall.com\/index.php?rest_route=%2Fwp%2Fv2%2Fcomments&post=8978"}],"version-history":[{"count":1,"href":"https:\/\/www.toque-musicall.com\/index.php?rest_route=\/wp\/v2\/posts\/8978\/revisions"}],"predecessor-version":[{"id":8979,"href":"https:\/\/www.toque-musicall.com\/index.php?rest_route=\/wp\/v2\/posts\/8978\/revisions\/8979"}],"wp:attachment":[{"href":"https:\/\/www.toque-musicall.com\/index.php?rest_route=%2Fwp%2Fv2%2Fmedia&parent=8978"}],"wp:term":[{"taxonomy":"category","embeddable":true,"href":"https:\/\/www.toque-musicall.com\/index.php?rest_route=%2Fwp%2Fv2%2Fcategories&post=8978"},{"taxonomy":"post_tag","embeddable":true,"href":"https:\/\/www.toque-musicall.com\/index.php?rest_route=%2Fwp%2Fv2%2Ftags&post=8978"}],"curies":[{"name":"wp","href":"https:\/\/api.w.org\/{rel}","templated":true}]}}