{"id":898,"date":"2010-03-23T08:56:00","date_gmt":"2010-03-23T08:56:00","guid":{"rendered":"http:\/\/www.toque-musicall.com\/?p=898"},"modified":"2010-03-23T08:56:00","modified_gmt":"2010-03-23T08:56:00","slug":"andre-penazzi-orgao-samba-percussao-terceiro-volume-1964","status":"publish","type":"post","link":"https:\/\/www.toque-musicall.com\/?p=898","title":{"rendered":"Andr\u00e9 Penazzi &#8211; Org\u00e3o Samba Percuss\u00e3o &#8211; Terceiro Volume (1964)"},"content":{"rendered":"<p><a href=\"http:\/\/1.bp.blogspot.com\/_DSKVEvHtskc\/S6iEjIaaRxI\/AAAAAAAAGV8\/z773I6m2I1w\/s1600-h\/andre+penazzi+P.JPG\"><img decoding=\"async\" style=\"TEXT-ALIGN: center; MARGIN: 0px auto 10px; WIDTH: 400px; DISPLAY: block; HEIGHT: 394px; CURSOR: hand\" id=\"BLOGGER_PHOTO_ID_5451753088020530962\" border=\"0\" alt=\"\" src=\"http:\/\/1.bp.blogspot.com\/_DSKVEvHtskc\/S6iEjIaaRxI\/AAAAAAAAGV8\/z773I6m2I1w\/s400\/andre+penazzi+P.JPG\" \/><\/a>Coisa mais dif\u00edcil desse mundo \u00e9 encontrar a biografia de Andr\u00e9 Penazzi. Percorri p\u00e1ginas e p\u00e1ginas atrav\u00e9s do Google e em nenhuma delas achei mais do que uma simples nota. Nem mesmo em sites especializados como o Dicion\u00e1rio Cravo Albim (que de m\u00e9dio ficou pior) e o sempre em constru\u00e7\u00e3o, M\u00fasicos do Brasil, n\u00e3o trazem nada! At\u00e9 mesmo o respeitad\u00edssimo Aramis Millarch, onde se encontra tudo sobre m\u00fasica brasileira, n\u00e3o havia muita coisa. S\u00f3 depois me dei conta de que tudo que eu precisava estava na contracapa do disco. Segundo o texto, Andr\u00e9 Penazzi nasceu em Rio Claro, S\u00e3o Paulo em 1914. Foi um m\u00fasico talentoso, mas que s\u00f3 conseguiu prest\u00edgio ap\u00f3s ingressar na Audio Fidelity, em 1962, quando iniciou a s\u00e9rie &#8220;Doctored&#8221;, vers\u00e3o tupiniquim. Seu primeiro disco pelo selo, <a href=\"http:\/\/toque-musicall.blogspot.com\/2008\/05\/andr-penazzi-orgo-samba-percusso.html\">j\u00e1 postado aqui<\/a>, foi considerado um dos lps mais vendidos daquele ano. Assim tamb\u00e9m ocorreu com os \u00e1lbuns e compactos subsequentes. Atingiram um n\u00famero de vendagem que a pr\u00f3pria cr\u00edtica n\u00e3o podia acreditar, principalmente numa \u00e9poca onde a bola da vez era a Bossa Nova. Ao contr\u00e1rio do que se pensava, a m\u00fasica de Penazzi foi muito bem recebida pelo p\u00fablico.<br \/>Segue aqui o Terceiro Volume, at\u00e9 ent\u00e3o in\u00e9dito na blogosfera. Um \u00e1lbum com as mesmas caracter\u00edsticas dos outros. Um som que lembra o Walter Wanderley e que hoje soa para novos ouvidos como um som &#8216;cult&#8217;, diferente&#8230;, um &#8216;groove square&#8217;. Confiram o toque&#8230;<\/p>\n<div align=\"center\"> <\/div>\n<div align=\"center\">bolinha de sab\u00e3o<\/div>\n<div align=\"center\">o morro n\u00e3o tem vez<\/div>\n<div align=\"center\">por causa de voc\u00ea menina<\/div>\n<div align=\"center\">cafun\u00e9<\/div>\n<div align=\"center\">berimbau<\/div>\n<div align=\"center\">o que eu gosto de voc\u00ea<\/div>\n<div align=\"center\">bigurrilho<\/div>\n<div align=\"center\">samba do balan\u00e7o<\/div>\n<div align=\"center\">mas que nada<\/div>\n<div align=\"center\">tem pena de mim<\/div>\n<div align=\"center\">jo\u00e3o sebasti\u00e3o bach<\/div>\n<div align=\"center\">pra que chorar<\/div>\n<div align=\"center\"> <\/div>\n<div align=\"center\"> <\/div>\n","protected":false},"excerpt":{"rendered":"<p>Coisa mais dif\u00edcil desse mundo \u00e9 encontrar a biografia de Andr\u00e9 Penazzi. Percorri p\u00e1ginas e p\u00e1ginas atrav\u00e9s do Google e em nenhuma delas achei mais do que uma simples nota. Nem mesmo em sites especializados como o Dicion\u00e1rio Cravo Albim &hellip; <a href=\"https:\/\/www.toque-musicall.com\/?p=898\">Continue lendo <span class=\"meta-nav\">&rarr;<\/span><\/a><\/p>\n","protected":false},"author":1,"featured_media":0,"comment_status":"open","ping_status":"closed","sticky":false,"template":"","format":"standard","meta":{"footnotes":""},"categories":[939],"tags":[],"class_list":["post-898","post","type-post","status-publish","format-standard","hentry","category-andre-penazzi"],"_links":{"self":[{"href":"https:\/\/www.toque-musicall.com\/index.php?rest_route=\/wp\/v2\/posts\/898","targetHints":{"allow":["GET"]}}],"collection":[{"href":"https:\/\/www.toque-musicall.com\/index.php?rest_route=\/wp\/v2\/posts"}],"about":[{"href":"https:\/\/www.toque-musicall.com\/index.php?rest_route=\/wp\/v2\/types\/post"}],"author":[{"embeddable":true,"href":"https:\/\/www.toque-musicall.com\/index.php?rest_route=\/wp\/v2\/users\/1"}],"replies":[{"embeddable":true,"href":"https:\/\/www.toque-musicall.com\/index.php?rest_route=%2Fwp%2Fv2%2Fcomments&post=898"}],"version-history":[{"count":0,"href":"https:\/\/www.toque-musicall.com\/index.php?rest_route=\/wp\/v2\/posts\/898\/revisions"}],"wp:attachment":[{"href":"https:\/\/www.toque-musicall.com\/index.php?rest_route=%2Fwp%2Fv2%2Fmedia&parent=898"}],"wp:term":[{"taxonomy":"category","embeddable":true,"href":"https:\/\/www.toque-musicall.com\/index.php?rest_route=%2Fwp%2Fv2%2Fcategories&post=898"},{"taxonomy":"post_tag","embeddable":true,"href":"https:\/\/www.toque-musicall.com\/index.php?rest_route=%2Fwp%2Fv2%2Ftags&post=898"}],"curies":[{"name":"wp","href":"https:\/\/api.w.org\/{rel}","templated":true}]}}