{"id":8982,"date":"2021-12-01T10:21:00","date_gmt":"2021-12-01T12:21:00","guid":{"rendered":"https:\/\/www.toque-musicall.com\/?p=8982"},"modified":"2021-12-02T10:24:08","modified_gmt":"2021-12-02T12:24:08","slug":"elas-cantam-assim-1957","status":"publish","type":"post","link":"https:\/\/www.toque-musicall.com\/?p=8982","title":{"rendered":"Elas Cantam Assim (1957)"},"content":{"rendered":"\n<figure class=\"wp-block-image size-large\"><img decoding=\"async\" src=\"https:\/\/blogger.googleusercontent.com\/img\/a\/AVvXsEgI8qS0wufCPMjxMb9c48rEV6Xu2YRHMbrMMU3Y9UVWZ3nzb1PLE8yFQ2UXY7QkyEXWoPxs_8BAw4Sa8FLDcolZDNtwHoJEcPsGppz2B4n2WtZj9Pgjmz38KOYFChzFUlouFlNyWMwsXaqlcVxvmrsWWScKDQ1Eb5m1xXjlfySd3ouFOK-dQRA_i2sLtA=w640-h636\" alt=\"\"\/><\/figure>\n\n\n\n<figure class=\"wp-block-image size-large\"><img decoding=\"async\" src=\"https:\/\/blogger.googleusercontent.com\/img\/a\/AVvXsEir_4v9IeLkSLu2pQXgG-9MHYDQTZyLFid3dOjW5o9lwU7kJLzEhNRw6TcIPikpnFMwwVJXlwvP9aiNgJKV9WqkoJ9d4axW44XUSX67wiNvnllr9gQXmkcAT49Op2pg4AlV_qTo_jIgKxYESpjSNZbssSDtfAd8Xe0qM4nJVqcQ4nJALIrrOEjkOF-Prg=w635-h640\" alt=\"\"\/><\/figure>\n\n\n<div class=\"separator\">Bom dia, bom come\u00e7o de m\u00eas a todos os amigos cultos e ocultos! Em um\u00a0 outro momento do Toque Musical, sei que postei um lp de 10 polegadas intitulado &#8220;Eles Cantam Assim&#8221;, apresentando alguns cantores do &#8216;cast&#8217; da gravadora RCA Victor. Revendo meus arquivos digitais, vejo que tenho tamb\u00e9m este, &#8220;Elas Cantam Assim&#8221;, arquivo que baixei de algum outro blog. N\u00e3o por falta do que postar, mas j\u00e1 que temos este tamb\u00e9m, porque n\u00e3o public\u00e1-lo aqui em nosso s\u00edtio? Ent\u00e3o, aqui vai ele&#8230; E como podemos ver pela capa, nesta sele\u00e7\u00e3o promocional vamos encontrar as irm\u00e3s Baptista, Linda e Dircinha e tamb\u00e9m as cantoras Marion Duarte e Ester de Abreu. Cada uma apresenta duas m\u00fasicas neste disquinho com oito faixas lan\u00e7ado em 1957. Lembrando que essas mesmas grava\u00e7\u00f5es aparecem em discos de 78 rpm, tamb\u00e9m lan\u00e7ados por aquela \u00e9poca. Confiram no GTM&#8230;<\/div>\n<div class=\"separator\">\u00a0<\/div>\n<div class=\"separator\">meus olhos &#8211; linda baptista<\/div>\n<div class=\"separator\">n\u00e3o diga n\u00e3o &#8211; marion<\/div>\n<div class=\"separator\">can\u00e7\u00e3o pra broto espregui\u00e7ar &#8211; dircinha baptista<\/div>\n<div class=\"separator\">que ser\u00e1 ser\u00e1 &#8211; ester de abreu<\/div>\n<div class=\"separator\">roga por n\u00f3s &#8211; marion<\/div>\n<div class=\"separator\">sempre que lisboa canta &#8211; ester de abreu<\/div>\n<div class=\"separator\">boa noite &#8211; linda baptista<\/div>\n<div class=\"separator\">\u00a0se eu morresse amanh\u00e3 de manh\u00e3 &#8211; dircinha baptista<\/div>\n<div class=\"separator\">\u00a0<\/div>\n<div class=\"separator\">\u00a0<\/div>\n<div class=\"separator\">.<\/div>","protected":false},"excerpt":{"rendered":"<p>Bom dia, bom come\u00e7o de m\u00eas a todos os amigos cultos e ocultos! Em um\u00a0 outro momento do Toque Musical, sei que postei um lp de 10 polegadas intitulado &#8220;Eles Cantam Assim&#8221;, apresentando alguns cantores do &#8216;cast&#8217; da gravadora RCA &hellip; <a href=\"https:\/\/www.toque-musicall.com\/?p=8982\">Continue lendo <span class=\"meta-nav\">&rarr;<\/span><\/a><\/p>\n","protected":false},"author":1,"featured_media":0,"comment_status":"closed","ping_status":"closed","sticky":false,"template":"","format":"standard","meta":{"footnotes":""},"categories":[4877,789,4878,2430,70],"tags":[3484,4880,3553,4879,3061],"class_list":["post-8982","post","type-post","status-publish","format-standard","hentry","category-dircinha-baptista","category-ester-de-abreu","category-linda-baptista","category-marion-duarte","category-selo-rca-victor","tag-dircinha-batista","tag-ester-de-abreu","tag-linda-batista","tag-marion-duarte","tag-selo-rca-victor"],"_links":{"self":[{"href":"https:\/\/www.toque-musicall.com\/index.php?rest_route=\/wp\/v2\/posts\/8982","targetHints":{"allow":["GET"]}}],"collection":[{"href":"https:\/\/www.toque-musicall.com\/index.php?rest_route=\/wp\/v2\/posts"}],"about":[{"href":"https:\/\/www.toque-musicall.com\/index.php?rest_route=\/wp\/v2\/types\/post"}],"author":[{"embeddable":true,"href":"https:\/\/www.toque-musicall.com\/index.php?rest_route=\/wp\/v2\/users\/1"}],"replies":[{"embeddable":true,"href":"https:\/\/www.toque-musicall.com\/index.php?rest_route=%2Fwp%2Fv2%2Fcomments&post=8982"}],"version-history":[{"count":1,"href":"https:\/\/www.toque-musicall.com\/index.php?rest_route=\/wp\/v2\/posts\/8982\/revisions"}],"predecessor-version":[{"id":8983,"href":"https:\/\/www.toque-musicall.com\/index.php?rest_route=\/wp\/v2\/posts\/8982\/revisions\/8983"}],"wp:attachment":[{"href":"https:\/\/www.toque-musicall.com\/index.php?rest_route=%2Fwp%2Fv2%2Fmedia&parent=8982"}],"wp:term":[{"taxonomy":"category","embeddable":true,"href":"https:\/\/www.toque-musicall.com\/index.php?rest_route=%2Fwp%2Fv2%2Fcategories&post=8982"},{"taxonomy":"post_tag","embeddable":true,"href":"https:\/\/www.toque-musicall.com\/index.php?rest_route=%2Fwp%2Fv2%2Ftags&post=8982"}],"curies":[{"name":"wp","href":"https:\/\/api.w.org\/{rel}","templated":true}]}}