{"id":8984,"date":"2021-12-02T09:23:00","date_gmt":"2021-12-02T11:23:00","guid":{"rendered":"https:\/\/www.toque-musicall.com\/?p=8984"},"modified":"2021-12-03T09:26:05","modified_gmt":"2021-12-03T11:26:05","slug":"galo-preto-galo-preto-1978","status":"publish","type":"post","link":"https:\/\/www.toque-musicall.com\/?p=8984","title":{"rendered":"Galo Preto &#8211; Galo Preto (1978)"},"content":{"rendered":"\n<figure class=\"wp-block-image size-large\"><img decoding=\"async\" src=\"https:\/\/blogger.googleusercontent.com\/img\/a\/AVvXsEjtW3M-2_q2hifOfHk6DalGyfRpLPHai_tOg7CFpgLd44bvMOm92Uz9kvqqJFzVb-QLwLDMze60TjI2nCsAFz1aojg8y0ukyIm7MBspefNJ7HWkpnvxuKFem8OZAxlZ8VopK5qfN89-_dtJ0zwVDvw5isolHsj7aMnbfNAvgY-YeL6JV49evw59rJyd_A=w638-h640\" alt=\"\"\/><\/figure>\n\n\n\n<figure class=\"wp-block-image size-large\"><img decoding=\"async\" src=\"https:\/\/blogger.googleusercontent.com\/img\/a\/AVvXsEg2yFpNnQiJKvDxyUpJ6MzVqTtES5uzalE_AUTQXg4tz465wAORESQJFhjng7ClF0iwj8YnD9X0iz7LOaJl8T0TAQ-CnoIV3AOf0AtmERhzlWvoEPlik0SrqdYPsLJeyNIpSzeY3dl2McCewAt_GgD2zbtKC070xTBs-4qfpzBbxyqzOEe_HSiPWxjtcg=w634-h640\" alt=\"\"\/><\/figure>\n\n\n<div class=\"separator\">Fala galera, amigos cultos e ocultos! A postagem de hoje tem duplo sentido, ou seria um triplo? A verdade \u00e9 que hoje o meu Gal\u00e3o da Massa vai se tornar campe\u00e3o antecipado, no Campeonato Nacional, o grande campe\u00e3o do Brasileir\u00e3o. Enfim, um t\u00edtulo dos mais esperado. Hoje vai ter festa na cidade, com certeza! E no jogo final, a grande comemora\u00e7\u00e3o. At\u00e9 l\u00e1 eu penso em algo para homenagear. Por hora, vou postando aqui este disco maravilhoso de choro do ent\u00e3o estreante grupo Galo Preto. O triplo sentido a que me referi passa por aqui, pelo Galo Preto (e Branco) e pelo choro, sendo o choro uma homenagem ao Flamengo e ao Cruzeiro (podem chorar a vontade). E \u00e9 claro que o triplo sentido tamb\u00e9m tem a ver o nosso toque musical. H\u00e1 tempos venho querendo postar este disco e hoje ele cai como uma luva, alegrando e festejando com o que h\u00e1 de mais aut\u00eantico em nossa m\u00fasica que \u00e9 o choro.<\/div>\n<div class=\"separator\">Aqui temos o disco de estreia do, hoje tradicional, grupo de chorinho Galo Preto, formado na \u00e9poca por jovens m\u00fasicos que come\u00e7avam a se destacar no cen\u00e1rio musical daqueles anos 70, quando o choro passava por uma fase de redescoberta. Havia um renascimento desse g\u00eanero musical e o Galo Preto viria a se tornar um dos seus grandes expoentes, apadrinhado por Claudionor Cruz. Neste primeiro trabalho o grupo viria acompanhado por ilustres convidados, bambas do choro e trariam para o seu repert\u00f3rio uma sele\u00e7\u00e3o praticamente in\u00e9dita de m\u00fasicas, tanto autorais quanto de autores consagrados, por\u00e9m por muitos desconhecidas.<\/div>\n<div class=\"separator\">Est\u00e1 a\u00ed um disco perfeito para se ouvir na sexta-feira, comemorando antecipadamente o t\u00edtulo de bicampe\u00e3o brasileiro. Mas t\u00e1 valendo tamb\u00e9m para os demais torcedores e muito mais ainda para os amantes da boa m\u00fasica brasileira.\u00a0<\/div>\n<div class=\"separator\">\u00a0<\/div>\n<div class=\"separator\">recado<\/div>\n<div class=\"separator\">desprezado<\/div>\n<div class=\"separator\">dia do preto velho<\/div>\n<div class=\"separator\">medrosa<\/div>\n<div class=\"separator\">sarambeque<\/div>\n<div class=\"separator\">cheio de afeto<\/div>\n<div class=\"separator\">implicante<\/div>\n<div class=\"separator\">de cora\u00e7\u00e3o a cora\u00e7\u00e3o<\/div>\n<div class=\"separator\">estou voltando<\/div>\n<div class=\"separator\">vou lhe dar uma resposta<\/div>\n<div class=\"separator\">l\u00edngua de sogra<\/div>\n<div class=\"separator\">murmurando<\/div>\n<div class=\"separator\">\u00a0<\/div>\n<div class=\"separator\">.\u00a0\u00a0<\/div>","protected":false},"excerpt":{"rendered":"<p>Fala galera, amigos cultos e ocultos! A postagem de hoje tem duplo sentido, ou seria um triplo? A verdade \u00e9 que hoje o meu Gal\u00e3o da Massa vai se tornar campe\u00e3o antecipado, no Campeonato Nacional, o grande campe\u00e3o do Brasileir\u00e3o. &hellip; <a href=\"https:\/\/www.toque-musicall.com\/?p=8984\">Continue lendo <span class=\"meta-nav\">&rarr;<\/span><\/a><\/p>\n","protected":false},"author":1,"featured_media":0,"comment_status":"closed","ping_status":"closed","sticky":false,"template":"","format":"standard","meta":{"footnotes":""},"categories":[2845,18],"tags":[4881,3040],"class_list":["post-8984","post","type-post","status-publish","format-standard","hentry","category-galo-preto","category-selo-rca","tag-galo-preto","tag-selo-rca"],"_links":{"self":[{"href":"https:\/\/www.toque-musicall.com\/index.php?rest_route=\/wp\/v2\/posts\/8984","targetHints":{"allow":["GET"]}}],"collection":[{"href":"https:\/\/www.toque-musicall.com\/index.php?rest_route=\/wp\/v2\/posts"}],"about":[{"href":"https:\/\/www.toque-musicall.com\/index.php?rest_route=\/wp\/v2\/types\/post"}],"author":[{"embeddable":true,"href":"https:\/\/www.toque-musicall.com\/index.php?rest_route=\/wp\/v2\/users\/1"}],"replies":[{"embeddable":true,"href":"https:\/\/www.toque-musicall.com\/index.php?rest_route=%2Fwp%2Fv2%2Fcomments&post=8984"}],"version-history":[{"count":1,"href":"https:\/\/www.toque-musicall.com\/index.php?rest_route=\/wp\/v2\/posts\/8984\/revisions"}],"predecessor-version":[{"id":8985,"href":"https:\/\/www.toque-musicall.com\/index.php?rest_route=\/wp\/v2\/posts\/8984\/revisions\/8985"}],"wp:attachment":[{"href":"https:\/\/www.toque-musicall.com\/index.php?rest_route=%2Fwp%2Fv2%2Fmedia&parent=8984"}],"wp:term":[{"taxonomy":"category","embeddable":true,"href":"https:\/\/www.toque-musicall.com\/index.php?rest_route=%2Fwp%2Fv2%2Fcategories&post=8984"},{"taxonomy":"post_tag","embeddable":true,"href":"https:\/\/www.toque-musicall.com\/index.php?rest_route=%2Fwp%2Fv2%2Ftags&post=8984"}],"curies":[{"name":"wp","href":"https:\/\/api.w.org\/{rel}","templated":true}]}}