{"id":8988,"date":"2021-12-04T00:07:00","date_gmt":"2021-12-04T02:07:00","guid":{"rendered":"https:\/\/www.toque-musicall.com\/?p=8988"},"modified":"2021-12-07T00:10:16","modified_gmt":"2021-12-07T02:10:16","slug":"sergio-mello-deixa-barato-1983","status":"publish","type":"post","link":"https:\/\/www.toque-musicall.com\/?p=8988","title":{"rendered":"Sergio Mello &#8211; Deixa Barato (1983)"},"content":{"rendered":"\n<figure class=\"wp-block-image size-large\"><img decoding=\"async\" src=\"https:\/\/blogger.googleusercontent.com\/img\/a\/AVvXsEgy1cOncVsTuhdbHIQ9QErIkbtCr4uFTSmT3efW8VTaIGFmWQ4vjJyfaZjk-9JIbQJzFPX1E4gR0lHCDyiqgxIahhJAY0uWS0NPZXADQOnHpaKmA6XVtTsnQeRG3RxBsqLRcwDDDMQOCdg-EOfWcIyZVDaPd6hlzLpsq2436LJwNLuiQix6H5ULa0sxMA=w636-h640\" alt=\"\"\/><\/figure>\n\n\n\n<figure class=\"wp-block-image size-large\"><img decoding=\"async\" src=\"https:\/\/blogger.googleusercontent.com\/img\/a\/AVvXsEj-i2tE6Z8_Nki6oIFu-QjYtF5CawPB0HmQj2J8ibEiAGd_TfgBhrmfmdwS1-6Y4-YqPn8L2Fp1kUF1McIv5LvaDVeDlWygW1hTN-rjjM9rQHdoyPLCqilc58MpigI6y52W9jTNZXNdlHSXnDumpdSlyFSMgLY0lxqvN4ika-ElUgPShG8DU6wT0hHOgg=w640-h632\" alt=\"\"\/><\/figure>\n\n\n<div class=\"separator\">Ent\u00e3o, caros amigos cultos e ocultos, como vamos? \ud83d\ude42 A gente as vezes pega uns discos para postar aqui sem fazer ideia do trabalho que vai dar para conseguir informa\u00e7\u00f5es sobre eles. \u00c9 bem o caso deste aqui, do m\u00fasico e produtor Sergio Mello. Pelo pouco que encontrei, me parece que este artista \u00e9 ga\u00facho. Digo isso porque a \u00fanica referencia ao seu nome est\u00e1 num texto de apresenta\u00e7\u00e3o da banda de pop\/rock ga\u00facha &#8220;Garotos da Rua&#8221;, nome inspirado em uma composi\u00e7\u00e3o de S\u00e9rgio Mello e Carlos Caramez. Esta m\u00fasica, inclusive, fez parte de um lp lan\u00e7ado em 1983, uma colet\u00e2nea chamada MPB Independente, com participa\u00e7\u00e3o de artistas importantes. &#8220;Deixa Barato&#8221; foi um disco lan\u00e7ado tamb\u00e9m em 83, trazendo, al\u00e9m desta, outras doze composi\u00e7\u00f5es, um rock pop bem interessante. No lp participam artistas como Lucinha Turnbull, Manito, al\u00e9m de Pedrinho (do Som Nosso de Cada Dia) e Raulito Duarte que junto a S\u00e9rgio formam a banda. Confiram no GTM&#8230;<\/div>\n<div class=\"separator\">\u00a0<\/div>\n<div class=\"separator\">dei no p\u00e9<\/div>\n<div class=\"separator\">deixa barato<\/div>\n<div class=\"separator\">brinque<\/div>\n<div class=\"separator\">antes da farra<\/div>\n<div class=\"separator\">frio na barriga<\/div>\n<div class=\"separator\">a tua procura<\/div>\n<div class=\"separator\">garotos da rua<\/div>\n<div class=\"separator\">a praga<\/div>\n<div class=\"separator\">mulher diacho<\/div>\n<div class=\"separator\">lua pop<\/div>\n<div class=\"separator\">desista<\/div>\n<div class=\"separator\">lingua e olh i*<\/div>\n<div class=\"separator\">soft madrugada<\/div>\n<div class=\"separator\">\u00a0<\/div>\n<div class=\"separator\">\u00a0<\/div>\n<div class=\"separator\">.<\/div>","protected":false},"excerpt":{"rendered":"<p>Ent\u00e3o, caros amigos cultos e ocultos, como vamos? \ud83d\ude42 A gente as vezes pega uns discos para postar aqui sem fazer ideia do trabalho que vai dar para conseguir informa\u00e7\u00f5es sobre eles. \u00c9 bem o caso deste aqui, do m\u00fasico &hellip; <a href=\"https:\/\/www.toque-musicall.com\/?p=8988\">Continue lendo <span class=\"meta-nav\">&rarr;<\/span><\/a><\/p>\n","protected":false},"author":1,"featured_media":0,"comment_status":"closed","ping_status":"closed","sticky":false,"template":"","format":"standard","meta":{"footnotes":""},"categories":[2933,4882],"tags":[4884,4883],"class_list":["post-8988","post","type-post","status-publish","format-standard","hentry","category-selo-lanca","category-sergio-mello","tag-selo-lanca","tag-sergio-mello"],"_links":{"self":[{"href":"https:\/\/www.toque-musicall.com\/index.php?rest_route=\/wp\/v2\/posts\/8988","targetHints":{"allow":["GET"]}}],"collection":[{"href":"https:\/\/www.toque-musicall.com\/index.php?rest_route=\/wp\/v2\/posts"}],"about":[{"href":"https:\/\/www.toque-musicall.com\/index.php?rest_route=\/wp\/v2\/types\/post"}],"author":[{"embeddable":true,"href":"https:\/\/www.toque-musicall.com\/index.php?rest_route=\/wp\/v2\/users\/1"}],"replies":[{"embeddable":true,"href":"https:\/\/www.toque-musicall.com\/index.php?rest_route=%2Fwp%2Fv2%2Fcomments&post=8988"}],"version-history":[{"count":1,"href":"https:\/\/www.toque-musicall.com\/index.php?rest_route=\/wp\/v2\/posts\/8988\/revisions"}],"predecessor-version":[{"id":8989,"href":"https:\/\/www.toque-musicall.com\/index.php?rest_route=\/wp\/v2\/posts\/8988\/revisions\/8989"}],"wp:attachment":[{"href":"https:\/\/www.toque-musicall.com\/index.php?rest_route=%2Fwp%2Fv2%2Fmedia&parent=8988"}],"wp:term":[{"taxonomy":"category","embeddable":true,"href":"https:\/\/www.toque-musicall.com\/index.php?rest_route=%2Fwp%2Fv2%2Fcategories&post=8988"},{"taxonomy":"post_tag","embeddable":true,"href":"https:\/\/www.toque-musicall.com\/index.php?rest_route=%2Fwp%2Fv2%2Ftags&post=8988"}],"curies":[{"name":"wp","href":"https:\/\/api.w.org\/{rel}","templated":true}]}}