{"id":899,"date":"2010-03-22T09:47:00","date_gmt":"2010-03-22T09:47:00","guid":{"rendered":"http:\/\/www.toque-musicall.com\/?p=899"},"modified":"2010-03-22T09:47:00","modified_gmt":"2010-03-22T09:47:00","slug":"luiz-claudio-sonhando-com-luiz-claudio-1957","status":"publish","type":"post","link":"https:\/\/www.toque-musicall.com\/?p=899","title":{"rendered":"Luiz Claudio &#8211; Sonhando Com Luiz Claudio (1957)"},"content":{"rendered":"<p><img decoding=\"async\" style=\"TEXT-ALIGN: center; MARGIN: 0px auto 10px; WIDTH: 400px; DISPLAY: block; HEIGHT: 397px; CURSOR: hand\" id=\"BLOGGER_PHOTO_ID_5451409766387050178\" border=\"0\" alt=\"\" src=\"http:\/\/2.bp.blogspot.com\/_DSKVEvHtskc\/S6dMTLqYZsI\/AAAAAAAAGVw\/cy5DKrCSR74\/s400\/luiz+claudio+P.JPG\" \/>Bom dia, amigos cultos e ocultos! Serei breve&#8230; Vamos iniciando uma nova semana, cheio de velhas e raras novidades. Antes de tudo por\u00e9m, abro a postagem homenageando o artista mineiro Luiz Claudio, que hoje completa 75 anos de vida. Parab\u00e9ns Luiz Claudio! Quem te conhece, n\u00e3o esquece jamais!<br \/>E para ficar bem lembrado, aqui vou eu com mais um de seus belos discos. Temos aqui um \u00e1lbum de 10 polegadas lan\u00e7ado por ele atrav\u00e9s do selo Columbia, em 1957. Este lp eu j\u00e1 o vi em outros blogs, mesmo assim, vou trazendo a minha vers\u00e3o completa. Ainda nesta semana, atendendo \u00e0 pedidos, postarei outro do cantor. Vamos por enquanto curtindo este sonho nas oito faixas que aqui seguem&#8230;<\/p>\n<div align=\"center\">proibido amor<\/div>\n<div align=\"center\">quero-te assim<\/div>\n<div align=\"center\">bem juntinhos<\/div>\n<div align=\"center\">abandono<\/div>\n<div align=\"center\">meu fingimento<\/div>\n<div align=\"center\">meu deus n\u00e3o sei<\/div>\n<div align=\"center\">eu sem voc\u00ea<\/div>\n<div align=\"center\">anda jerico <\/div>\n","protected":false},"excerpt":{"rendered":"<p>Bom dia, amigos cultos e ocultos! Serei breve&#8230; Vamos iniciando uma nova semana, cheio de velhas e raras novidades. Antes de tudo por\u00e9m, abro a postagem homenageando o artista mineiro Luiz Claudio, que hoje completa 75 anos de vida. Parab\u00e9ns &hellip; <a href=\"https:\/\/www.toque-musicall.com\/?p=899\">Continue lendo <span class=\"meta-nav\">&rarr;<\/span><\/a><\/p>\n","protected":false},"author":1,"featured_media":0,"comment_status":"open","ping_status":"closed","sticky":false,"template":"","format":"standard","meta":{"footnotes":""},"categories":[511],"tags":[],"class_list":["post-899","post","type-post","status-publish","format-standard","hentry","category-luiz-claudio"],"_links":{"self":[{"href":"https:\/\/www.toque-musicall.com\/index.php?rest_route=\/wp\/v2\/posts\/899","targetHints":{"allow":["GET"]}}],"collection":[{"href":"https:\/\/www.toque-musicall.com\/index.php?rest_route=\/wp\/v2\/posts"}],"about":[{"href":"https:\/\/www.toque-musicall.com\/index.php?rest_route=\/wp\/v2\/types\/post"}],"author":[{"embeddable":true,"href":"https:\/\/www.toque-musicall.com\/index.php?rest_route=\/wp\/v2\/users\/1"}],"replies":[{"embeddable":true,"href":"https:\/\/www.toque-musicall.com\/index.php?rest_route=%2Fwp%2Fv2%2Fcomments&post=899"}],"version-history":[{"count":0,"href":"https:\/\/www.toque-musicall.com\/index.php?rest_route=\/wp\/v2\/posts\/899\/revisions"}],"wp:attachment":[{"href":"https:\/\/www.toque-musicall.com\/index.php?rest_route=%2Fwp%2Fv2%2Fmedia&parent=899"}],"wp:term":[{"taxonomy":"category","embeddable":true,"href":"https:\/\/www.toque-musicall.com\/index.php?rest_route=%2Fwp%2Fv2%2Fcategories&post=899"},{"taxonomy":"post_tag","embeddable":true,"href":"https:\/\/www.toque-musicall.com\/index.php?rest_route=%2Fwp%2Fv2%2Ftags&post=899"}],"curies":[{"name":"wp","href":"https:\/\/api.w.org\/{rel}","templated":true}]}}