{"id":9004,"date":"2021-12-10T11:44:00","date_gmt":"2021-12-10T13:44:00","guid":{"rendered":"https:\/\/www.toque-musicall.com\/?p=9004"},"modified":"2021-12-13T11:47:01","modified_gmt":"2021-12-13T13:47:01","slug":"tony-de-matos-foi-em-lisboa-1962","status":"publish","type":"post","link":"https:\/\/www.toque-musicall.com\/?p=9004","title":{"rendered":"Tony De Matos &#8211; Foi Em Lisboa (1962)"},"content":{"rendered":"\n<figure class=\"wp-block-image size-large\"><img decoding=\"async\" src=\"https:\/\/blogger.googleusercontent.com\/img\/a\/AVvXsEjmGohOC-EGxwmFIp-Xs1VCBYQOUusHvybTJNH6bsg1QqBo7o6L8k7PC6HI9iV6LDdjkbPtG1a9sGXt22MXyjZBqEAF4Qfv9aDriNlJr7_rtBJMmZoFOI6bZ82EyRzXkQrbT9yv00IppOhEP8MtapD6vrxFAg7raSCUgxrKjOlxXiEnphgdZyFpZkTtAg=w624-h640\" alt=\"\"\/><\/figure>\n\n\n\n<figure class=\"wp-block-image size-large\"><img decoding=\"async\" src=\"https:\/\/blogger.googleusercontent.com\/img\/a\/AVvXsEjlpxPCxdHg6aP-DZYSldGF9R4RlMUU2MsqgaUjsymFuF7jc07TybubczE9bccPDg67h7Rfo9p_7ykyZXaF-5LlgEE5eyThBZ_BUJEizHrwHTA9VZXoqw5zn-beiNlqfxXXJKEplww4LmCIACHDegQkq2yd2KBdxqjiSna5-WpHDHF5-KL2Niw2N0Jtcw=w638-h640\" alt=\"\"\/><\/figure>\n\n\n<div class=\"separator\">Boa hora, amigos cultos e ocultos! H\u00e1 tempos eu coloquei aqui que n\u00e3o mais estaria atendendo a pedidos, pois isso se torna um compromisso e a cobran\u00e7a n\u00e3o fica por menos. Como promessa \u00e9 d\u00edvida, melhor n\u00e3o prometer. Estou dizendo isso porque num outro momento postei aqui um disco deste cantor portugu\u00eas, Tony de Matos, que esteve no Brasil durante as d\u00e9cadas de 50 e 60, onde morou e chegou a gravar alguns lps. Recebi na \u00e9poca da postagem alguns e-mails pedindo que postasse mais disco dele. Mais recentemente os e-mails voltaram com novos pedidos e justamente para este disco que agora estou postando aqui. Foi mesmo muita sorte e coincid\u00eancia pois o disco acabou aparecendo por aqui. Ent\u00e3o, para n\u00e3o dizer que n\u00e3o falei de flores, segue aqui mais um disco do lusitano cantor. Lp gravado pela Continental em 1962. Creio que foi o \u00faltimo que Tony de Matos gravou por aqui. Uma sele\u00e7\u00e3o de fados, repert\u00f3rio essencialmente portugu\u00eas, para a alegria daqueles que por este tanto esperavam. Confiram no GTM&#8230;<\/div>\n<div class=\"separator\">\u00a0<\/div>\n<div class=\"separator\">foi em lisboa<\/div>\n<div class=\"separator\">o namorado da rita<\/div>\n<div class=\"separator\">nostalgia no fado<\/div>\n<div class=\"separator\">fado xuxu<\/div>\n<div class=\"separator\">o meu alentejo<\/div>\n<div class=\"separator\">toiro he toiro<\/div>\n<div class=\"separator\">voc\u00eas sabem l\u00e1<\/div>\n<div class=\"separator\">hist\u00f3rias de uma chinela\u00a0<\/div>\n<div class=\"separator\">menina feia<\/div>\n<div class=\"separator\">campino apaixonado<\/div>\n<div class=\"separator\">j\u00e1 faz umano<\/div>\n<div class=\"separator\">\u00e9h pa do fado<\/div>\n<div class=\"separator\">\u00a0<\/div>\n<div class=\"separator\">\u00a0<\/div>\n<div class=\"separator\">.<\/div>","protected":false},"excerpt":{"rendered":"<p>Boa hora, amigos cultos e ocultos! H\u00e1 tempos eu coloquei aqui que n\u00e3o mais estaria atendendo a pedidos, pois isso se torna um compromisso e a cobran\u00e7a n\u00e3o fica por menos. Como promessa \u00e9 d\u00edvida, melhor n\u00e3o prometer. Estou dizendo &hellip; <a href=\"https:\/\/www.toque-musicall.com\/?p=9004\">Continue lendo <span class=\"meta-nav\">&rarr;<\/span><\/a><\/p>\n","protected":false},"author":1,"featured_media":0,"comment_status":"closed","ping_status":"closed","sticky":false,"template":"","format":"standard","meta":{"footnotes":""},"categories":[40,3921],"tags":[3327,4210],"class_list":["post-9004","post","type-post","status-publish","format-standard","hentry","category-selo-continental","category-tony-de-matos","tag-selo-continental","tag-tony-de-matos"],"_links":{"self":[{"href":"https:\/\/www.toque-musicall.com\/index.php?rest_route=\/wp\/v2\/posts\/9004","targetHints":{"allow":["GET"]}}],"collection":[{"href":"https:\/\/www.toque-musicall.com\/index.php?rest_route=\/wp\/v2\/posts"}],"about":[{"href":"https:\/\/www.toque-musicall.com\/index.php?rest_route=\/wp\/v2\/types\/post"}],"author":[{"embeddable":true,"href":"https:\/\/www.toque-musicall.com\/index.php?rest_route=\/wp\/v2\/users\/1"}],"replies":[{"embeddable":true,"href":"https:\/\/www.toque-musicall.com\/index.php?rest_route=%2Fwp%2Fv2%2Fcomments&post=9004"}],"version-history":[{"count":1,"href":"https:\/\/www.toque-musicall.com\/index.php?rest_route=\/wp\/v2\/posts\/9004\/revisions"}],"predecessor-version":[{"id":9005,"href":"https:\/\/www.toque-musicall.com\/index.php?rest_route=\/wp\/v2\/posts\/9004\/revisions\/9005"}],"wp:attachment":[{"href":"https:\/\/www.toque-musicall.com\/index.php?rest_route=%2Fwp%2Fv2%2Fmedia&parent=9004"}],"wp:term":[{"taxonomy":"category","embeddable":true,"href":"https:\/\/www.toque-musicall.com\/index.php?rest_route=%2Fwp%2Fv2%2Fcategories&post=9004"},{"taxonomy":"post_tag","embeddable":true,"href":"https:\/\/www.toque-musicall.com\/index.php?rest_route=%2Fwp%2Fv2%2Ftags&post=9004"}],"curies":[{"name":"wp","href":"https:\/\/api.w.org\/{rel}","templated":true}]}}