{"id":9008,"date":"2021-12-12T10:46:00","date_gmt":"2021-12-12T12:46:00","guid":{"rendered":"https:\/\/www.toque-musicall.com\/?p=9008"},"modified":"2021-12-16T10:49:23","modified_gmt":"2021-12-16T12:49:23","slug":"durval-ribeiro-e-seu-conjunto-e-odyssea-daqui-e-dali-1959","status":"publish","type":"post","link":"https:\/\/www.toque-musicall.com\/?p=9008","title":{"rendered":"Durval Ribeiro E Seu Conjunto E Odyss\u00e9a &#8211; Daqui E Dali (1959)"},"content":{"rendered":"\n<figure class=\"wp-block-image size-large\"><img decoding=\"async\" src=\"https:\/\/blogger.googleusercontent.com\/img\/a\/AVvXsEj_FKZHnw0bHMIBEJu1TbwkktycImdKWw3jUXfLb5CGLJ-9pSJzr3W--UuMyJ-U5Ndo2BvoL_XTaF18cMIzToROj1ZK8cwsdXm4xRT_1PVRChee9X9NVwR7ba3d4PKLEbLGefr6zJZ2LTOFL5drGCKaApf1jUfW7jov4M5OzoT0ww5kC1Mzyr8h2bpYSA=w640-h626\" alt=\"\"\/><\/figure>\n\n\n\n<figure class=\"wp-block-image size-large\"><img decoding=\"async\" src=\"https:\/\/blogger.googleusercontent.com\/img\/a\/AVvXsEhwpb8kwg7R865LKkBDBNshs_ugUVxNEcYvmvaZZDbOHZ5Qpw8wmlDFGnU6OlJaSNz8jGs3tDTkoGmIJMP3QeUbsveInneLkTAI7aZQlYNT6f8khw7xbuV3h1CGTDOcnvWrpLp-v3ybfivmS7V9s5evmEh-KwpJ68XLQgcJ9q_DNtcdK1dlOeRpL3evdg=w640-h628\" alt=\"\"\/><\/figure>\n\n\n<div class=\"separator\">Ol\u00e1, caros amigos cultos e ocultos! Hoje tenho aqui para voc\u00eas este raro lp lan\u00e7ado em 1959, pelo selo Copacabana. Trata-se de um disco bem interessante no qual temos o pianista Durval Ribeiro e seu conjunto. Durval trabalhou em r\u00e1dio e televis\u00e3o, fez parte de v\u00e1rias orquestra e tamb\u00e9m tocava na noite (paulista), como era comum a todo m\u00fasico naqueles tempos. Foi um m\u00fasico muito atuante nos anos 50 e 60. Aqui temos o que foi o seu primeiro e talvez \u00fanico lp, ou seja, o disco que ele gravou com este seu conjunto formado especialmente para essas grava\u00e7\u00f5es. No \u00e1lbum tamb\u00e9m temos como destaque a cantora Odyss\u00e9a que aqui aparece interpretando quatro das faixas que s\u00e3o cantadas. Odyss\u00e9a foi uma excelente cantora e isso se percebe em sua interpreta\u00e7\u00e3o neste disco. Infelizmente, n\u00e3o h\u00e1 na internet mais informa\u00e7\u00f5es sobre essa cantora, sabemos apenas que ela atuou tamb\u00e9m em outros discos como crooner para outros conjuntos e orquestra. &#8220;Daqui e dali&#8221; \u00e9 um trabalho bem interessante no qual temos\u00a0 no repert\u00f3rio temas variados, nacionais e internacionais, sendo algumas faixas, m\u00fasicas de autoria do pr\u00f3prio grupo. Uma boa pedida, um bom toque musical, podem conferir&#8230;<\/div>\n<div class=\"separator\">\u00a0<\/div>\n<div class=\"separator\">daqui e dali<\/div>\n<div class=\"separator\">sweetly<\/div>\n<div class=\"separator\">meu tema<\/div>\n<div class=\"separator\">eu sei que vou te amar<\/div>\n<div class=\"separator\">garoto travesso<\/div>\n<div class=\"separator\">veoc\u00ea<\/div>\n<div class=\"separator\">toselli no samba<\/div>\n<div class=\"separator\">hymne a l\u00b4amour<\/div>\n<div class=\"separator\">mesti\u00e7a<\/div>\n<div class=\"separator\">suas m\u00e3os<\/div>\n<div class=\"separator\">halen noturno<\/div>\n<div class=\"separator\">fita amarela<\/div>\n<div class=\"separator\">\u00a0<\/div>\n<div class=\"separator\">\u00a0<\/div>\n<div class=\"separator\">.<\/div>\n<div class=\"separator\">\u00a0<\/div>","protected":false},"excerpt":{"rendered":"<p>Ol\u00e1, caros amigos cultos e ocultos! Hoje tenho aqui para voc\u00eas este raro lp lan\u00e7ado em 1959, pelo selo Copacabana. Trata-se de um disco bem interessante no qual temos o pianista Durval Ribeiro e seu conjunto. Durval trabalhou em r\u00e1dio &hellip; <a href=\"https:\/\/www.toque-musicall.com\/?p=9008\">Continue lendo <span class=\"meta-nav\">&rarr;<\/span><\/a><\/p>\n","protected":false},"author":1,"featured_media":0,"comment_status":"closed","ping_status":"closed","sticky":false,"template":"","format":"standard","meta":{"footnotes":""},"categories":[4898,4899,152],"tags":[4900,4901,3108],"class_list":["post-9008","post","type-post","status-publish","format-standard","hentry","category-durval-ribeiro-e-seu-conjunto","category-odyssea","category-selo-copacabana","tag-durval-ribeiro-e-seu-conjunto","tag-odyssea","tag-selo-copacabana"],"_links":{"self":[{"href":"https:\/\/www.toque-musicall.com\/index.php?rest_route=\/wp\/v2\/posts\/9008","targetHints":{"allow":["GET"]}}],"collection":[{"href":"https:\/\/www.toque-musicall.com\/index.php?rest_route=\/wp\/v2\/posts"}],"about":[{"href":"https:\/\/www.toque-musicall.com\/index.php?rest_route=\/wp\/v2\/types\/post"}],"author":[{"embeddable":true,"href":"https:\/\/www.toque-musicall.com\/index.php?rest_route=\/wp\/v2\/users\/1"}],"replies":[{"embeddable":true,"href":"https:\/\/www.toque-musicall.com\/index.php?rest_route=%2Fwp%2Fv2%2Fcomments&post=9008"}],"version-history":[{"count":1,"href":"https:\/\/www.toque-musicall.com\/index.php?rest_route=\/wp\/v2\/posts\/9008\/revisions"}],"predecessor-version":[{"id":9009,"href":"https:\/\/www.toque-musicall.com\/index.php?rest_route=\/wp\/v2\/posts\/9008\/revisions\/9009"}],"wp:attachment":[{"href":"https:\/\/www.toque-musicall.com\/index.php?rest_route=%2Fwp%2Fv2%2Fmedia&parent=9008"}],"wp:term":[{"taxonomy":"category","embeddable":true,"href":"https:\/\/www.toque-musicall.com\/index.php?rest_route=%2Fwp%2Fv2%2Fcategories&post=9008"},{"taxonomy":"post_tag","embeddable":true,"href":"https:\/\/www.toque-musicall.com\/index.php?rest_route=%2Fwp%2Fv2%2Ftags&post=9008"}],"curies":[{"name":"wp","href":"https:\/\/api.w.org\/{rel}","templated":true}]}}