{"id":9012,"date":"2021-12-14T00:12:00","date_gmt":"2021-12-14T02:12:00","guid":{"rendered":"https:\/\/www.toque-musicall.com\/?p=9012"},"modified":"2021-12-17T00:16:19","modified_gmt":"2021-12-17T02:16:19","slug":"a-voz-da-rca-victor-suplemento-no-22-setembro-1959","status":"publish","type":"post","link":"https:\/\/www.toque-musicall.com\/?p=9012","title":{"rendered":"A Voz Da RCA Victor &#8211; Suplemento N\u00ba 22 Setembro (1959)"},"content":{"rendered":"\n<figure class=\"wp-block-image size-large\"><img decoding=\"async\" src=\"https:\/\/blogger.googleusercontent.com\/img\/a\/AVvXsEhfPhPqbbOn6uQQwxWn2mL0qwLs-lGUHD8efk6UtYcVPfCYGCu8VItihKsdUKm5-Ejn1ff26W35SuEre6055fTFQ5HMHN7PIAx4wp2U_SU0mB_G6HtNsDr-Bvo40NsIvSQb1I7tc6xxyvpJ3SI3NQ6izAXva5yHtI2_CJtYSnBZMtMB0QHpRoTsBQR4Zw=w634-h640\" alt=\"\"\/><\/figure>\n\n\n\n<figure class=\"wp-block-image size-large\"><img decoding=\"async\" src=\"https:\/\/blogger.googleusercontent.com\/img\/a\/AVvXsEinBw7BF2ufbtF5wp-viGNqAAcIehmfh1Qg7iK_3YD-k6Zv7qjRuj0dY3jO5snbi92U5X8h9_0bBiaavpwAZaAkHIQTx0-6HUY8axGnVc3yvgv1m3E4xJxYgyVkOS3zXd8_Lr37VLrCgHy96L5KptHKrirMcrCHh3dpuPeXSDGN6oAOGU_Ijnb58CW7PQ=w632-h640\" alt=\"\"\/><\/figure>\n\n\n<div class=\"separator\">Bom dia, boa tarde, boa noite, boa hora&#8230; a todos os amigos cultos e ocultos! Mais uma vez aqui um exemplar dos rar\u00edssimos discos de demonstra\u00e7\u00e3o da gravadora RCA Victor. Sempre lembrando, esta s\u00e9rie promocional da gravadora era usada nos anos 50 para divulgar os seus lan\u00e7amentos mensais de discos de 78 rpm. O curioso \u00e9 que estes discos eram de 12 polegadas e rodavam em 33 rpm. Aqui temos a edi\u00e7\u00e3o para o m\u00eas de setembro de 1959 com a lista de todos os discos, nacionais e internacionais&#8230;<\/div>\n<div class=\"separator\">\u00a0<\/div>\n<div class=\"separator\">meu triste long play \/ revolta &#8211; nelson gon\u00e7alves<\/div>\n<div class=\"separator\">andarilha \/ do\u00edda &#8211; dicinha baptista<\/div>\n<div class=\"separator\">ego\u00edsta \/ madrugada &#8211; francisco carlos<\/div>\n<div class=\"separator\">adeus praia do flamengo \/ stanislau ponte preta &#8211; linda baptista<\/div>\n<div class=\"separator\">a noite e prece \/ ansiedade &#8211; trio nag\u00f4<\/div>\n<div class=\"separator\">amor e gaita \/ ritmo quente &#8211; fred williams<\/div>\n<div class=\"separator\">cora\u00e7\u00e3o de artista \/ verde e amarelo &#8211; nardell<\/div>\n<div class=\"separator\">mocinhas da cidade \/ paranagu\u00e1 &#8211; nh\u00f4 belarmino e nh\u00e1 gabriela<\/div>\n<div class=\"separator\">xamego do henrique \/ lambari dan\u00e7ante &#8211; gerson filho<\/div>\n<div class=\"separator\">saudade do nosso amor \/ triste separa\u00e7\u00e3o &#8211; ri\u00e3o carreiro e carreirinho<\/div>\n<div class=\"separator\">menino branco \/ saci perer\u00ea &#8211; torradinha e canhotinho<\/div>\n<div class=\"separator\">linda ciganinha \/ chega de sofrer &#8211; silveira e barrinha<\/div>\n<div class=\"separator\">round the bay of mexico \/ fifteen &#8211; harry belafonte<\/div>\n<div class=\"separator\">viento viento \/ la luz de tus ojos &#8211; joselito<\/div>\n<div class=\"separator\">piove \/ conoscerti &#8211; teddy reno<\/div>\n<div class=\"separator\">\u00a0<\/div>\n<div class=\"separator\">\u00a0<\/div>\n<div class=\"separator\">\u00a0<\/div>\n<div class=\"separator\">.<\/div>","protected":false},"excerpt":{"rendered":"<p>Bom dia, boa tarde, boa noite, boa hora&#8230; a todos os amigos cultos e ocultos! Mais uma vez aqui um exemplar dos rar\u00edssimos discos de demonstra\u00e7\u00e3o da gravadora RCA Victor. Sempre lembrando, esta s\u00e9rie promocional da gravadora era usada nos &hellip; <a href=\"https:\/\/www.toque-musicall.com\/?p=9012\">Continue lendo <span class=\"meta-nav\">&rarr;<\/span><\/a><\/p>\n","protected":false},"author":1,"featured_media":0,"comment_status":"closed","ping_status":"closed","sticky":false,"template":"","format":"standard","meta":{"footnotes":""},"categories":[4771,70],"tags":[4772,3061],"class_list":["post-9012","post","type-post","status-publish","format-standard","hentry","category-a-voz-da-rca-victor","category-selo-rca-victor","tag-a-voz-da-rca-victor","tag-selo-rca-victor"],"_links":{"self":[{"href":"https:\/\/www.toque-musicall.com\/index.php?rest_route=\/wp\/v2\/posts\/9012","targetHints":{"allow":["GET"]}}],"collection":[{"href":"https:\/\/www.toque-musicall.com\/index.php?rest_route=\/wp\/v2\/posts"}],"about":[{"href":"https:\/\/www.toque-musicall.com\/index.php?rest_route=\/wp\/v2\/types\/post"}],"author":[{"embeddable":true,"href":"https:\/\/www.toque-musicall.com\/index.php?rest_route=\/wp\/v2\/users\/1"}],"replies":[{"embeddable":true,"href":"https:\/\/www.toque-musicall.com\/index.php?rest_route=%2Fwp%2Fv2%2Fcomments&post=9012"}],"version-history":[{"count":1,"href":"https:\/\/www.toque-musicall.com\/index.php?rest_route=\/wp\/v2\/posts\/9012\/revisions"}],"predecessor-version":[{"id":9013,"href":"https:\/\/www.toque-musicall.com\/index.php?rest_route=\/wp\/v2\/posts\/9012\/revisions\/9013"}],"wp:attachment":[{"href":"https:\/\/www.toque-musicall.com\/index.php?rest_route=%2Fwp%2Fv2%2Fmedia&parent=9012"}],"wp:term":[{"taxonomy":"category","embeddable":true,"href":"https:\/\/www.toque-musicall.com\/index.php?rest_route=%2Fwp%2Fv2%2Fcategories&post=9012"},{"taxonomy":"post_tag","embeddable":true,"href":"https:\/\/www.toque-musicall.com\/index.php?rest_route=%2Fwp%2Fv2%2Ftags&post=9012"}],"curies":[{"name":"wp","href":"https:\/\/api.w.org\/{rel}","templated":true}]}}