{"id":9014,"date":"2021-12-15T06:41:00","date_gmt":"2021-12-15T08:41:00","guid":{"rendered":"https:\/\/www.toque-musicall.com\/?p=9014"},"modified":"2021-12-17T10:45:35","modified_gmt":"2021-12-17T12:45:35","slug":"sabado-som-do-augusto-aquele-que-foi-sem-nunca-ter-sido","status":"publish","type":"post","link":"https:\/\/www.toque-musicall.com\/?p=9014","title":{"rendered":"S\u00e1bado Som Do Augusto &#8211; Aquele Que Foi Sem Nunca Ter Sido"},"content":{"rendered":"\n<figure class=\"wp-block-image size-large\"><img decoding=\"async\" src=\"https:\/\/blogger.googleusercontent.com\/img\/a\/AVvXsEhx56gBHBmDUsSChYij1jBfGiEHL8eQ5R9L-UrFDKcFH6MmxBzhjd3O27ZL4tkxqhwrjq0_bKlv6fNYrZ8135mUGq9MGUGjLCuooU5KeibMTRS5AcFMGbGk8nJTjYaw2CGpphP1tBa_R7Trp809fhfFyDrwTMGLZWdBBNvwjzfqp4Qa36D74rxQxzlcSQ=w630-h640\" alt=\"\"\/><\/figure>\n\n\n\n<figure class=\"wp-block-image size-large\"><img decoding=\"async\" src=\"https:\/\/blogger.googleusercontent.com\/img\/a\/AVvXsEhnp88fyiEthf4BOklXy6BaxDAncdYL7PbxWYF72vz-df1A0hSJDeTZC2sLwSABBIFYhNMjFxfbRFZbItJf6Ujlf7w1QQ7v5pbLu5U9tnX4ZAP4OIjmt_u1elGIAqA7100nswBkWF1DeCxAoDVKldNMIb3Cl4R2WF1P8U3FBDCdwuzqPMT2rE4nFHjZfQ=w640-h640\" alt=\"\"\/><\/figure>\n\n\n<div class=\"separator\">Bom dia, meus caros amigos cultos e ocultos! Hoje eu quero fazer uma postagem diferente, n\u00e3o \u00e9 nenhum disco, mas \u00e9 sobre discos, ou talvez nem seja exatamente sobre eles, pois o que quero falar aqui \u00e9 algo que tem a ver com amizade, parceria e como, as vezes, tudo pode vir a baixo quando n\u00e3o sabemos lidar com situa\u00e7\u00f5es. As vezes n\u00e3o sabemos lidar com alguns inc\u00f4modos vindos de amigos, isso \u00e9 prova de que no fundo n\u00e3o somos muito amigos, pois amizade envolve intimidade, pelo menos at\u00e9 o ponto de um chegar para o outro e dizer o que pensa. Amigos de verdade s\u00e3o parceiros, direta ou indiretamente. Mas isso s\u00f3 acontece com os verdadeiros amigos. Gra\u00e7as a Deus, tenho um bom c\u00edrculo de amizades, a come\u00e7ar por essas aqui, os amigos cultos e ocultos. Mas tamb\u00e9m tenho amigos pr\u00f3ximos, bem pr\u00f3ximos que eu diria ter mais intimidade do que com meus pr\u00f3prios irm\u00e3os. Embora irmandade n\u00e3o seja sinal de amizade, tenho alguns poucos amigos que considero como irm\u00e3os. E h\u00e1 ainda aqueles que por alguma for\u00e7a da empatia nos aproxima, mesmo estando distantes, mesmo com poucos encontros e conversas. &#8220;Amigos a gente encontra, o mundo n\u00e3o \u00e9 s\u00f3 aqui&#8230;&#8221;<\/div>\n<div class=\"separator\">Estou falando de tudo isso, inicialmente, para relatar aqui um fato triste que nesses dias me ocorreu. De um projeto que n\u00e3o durou muito e que talvez nem chegou a existir. Me refiro ao projeto S\u00e1bado Som, uma ideia que tive a partir de agosto quando aluguei um espa\u00e7o, uma casa, para nesta dar sequencia a duas coisas que gosto, m\u00fasica e fotografia. Montei um espa\u00e7o o qual se chama Casa de Fotografia, no qual eu desenvolvo trabalhos, projetos, cursos, encontros e servi\u00e7os ligados a fotografia, em especial a fotografia de base qu\u00edmica (fotografia anal\u00f3gica). Dentro deste espa\u00e7o, reservei um c\u00f4modo para tamb\u00e9m colocar meus discos, meus muitos discos. E o fiz bem ao molde de uma lojinha de discos, ficou realmente como se fosse uma pequena loja de vinil. Me propus a dar aten\u00e7\u00e3o a essa lojinha somente aos s\u00e1bados, quando ent\u00e3o teria um tempo livre para me dedicar a eles. J\u00e1 n\u00e3o \u00e9 de hoje que, como colecionador, compro, vendo, ganho e doou discos e foi muito por conta deles que um dia resolvi criar o blog Toque Musical. Mas enfim, agora em novembro a Casa de Fotografia e a lojinha S\u00e1bado Som come\u00e7ou a se despontar, se destacar como um ponto agrad\u00e1vel para aqueles que tem as mesmas afinidades. Por\u00e9m e infelizmente meu projeto n\u00e3o agradou, justamente quem eu mais acreditava como amigos numa parceria e empreitada como essa. Tanto do lado da fotografia quanto da m\u00fasica fui abandonado pelos &#8216;par\u00e7as&#8217;. Na fotografia eu at\u00e9 entendo a situa\u00e7\u00e3o, a incompatibilidade nas ideias, mas na m\u00fasica, nos discos, a coisa foi diferente, diria decepcionante&#8230; Uma pessoa que eu tinha como grande amigo, com a qual h\u00e1 mais de 15 anos venho apoiado, de repente, viu em mim um concorrente, Isso porque ele tamb\u00e9m tem uma loja (muito boa, por sinal), mas n\u00e3o gostou quando eu abri a minha, principalmente por estar a menos de cem metros de sua loja. Por conta disso come\u00e7ou a me ignorar, n\u00e3o atendeu aos meus convites para uma visita e passou a n\u00e3o responder minhas mensagens. Por um tempo deixei, pois n\u00e3o estava entendendo bem o que se passava, mas ontem dei nele uma cutucada e em resposta o cara abriu o jogo. Decep\u00e7\u00e3o total&#8230; Sinceramente, jamais esperava ler o que ele escreveu. Digo escreveu porque na verdade n\u00e3o teve coragem de olhar na cara de um amigo e dizer o que lhe incomodava. Preferiu remoer suas ideias mesquinhas dizendo que eu estaria aproveitando de seu sucesso, de seu empreendimento de 16 anos. Disse que eu estava querendo pegar carona em seu sucesso (sucesso?). Que eu fiz tudo de caso pensado, uma estrat\u00e9gia s\u00f3rdida para lhe roubar a freguesia. Agora, vejam s\u00f3&#8230; Belo Horizonte tem uma dezena de lojas de discos e ele, inclusive, \u00e9 um promotor de feiras de vinil, feiras essas que sempre participei e confesso, participei mais em considera\u00e7\u00e3o do que pela vontade de vender ou ganhar dinheiro com discos (na verdade levei mais preju\u00edzo). Sinceramente, eu n\u00e3o preciso. Ali\u00e1s, me d\u00e1 mais prazer em dar um disco de presente do que em vend\u00ea-lo. E nesse sentido o que eu j\u00e1 havia dado de discos para esse cara, demonstraria a ele o quanto meu apego est\u00e1 relacionado ao prazer de uma boa amizade. Contudo, n\u00e3o posso negar que em muito ele me ajudou emprestando seus discos para eu colocar aqui no Toque Musical. Em contrapartida, conhecendo o seu nicho colecion\u00e1vel, sempre achei que alguns tipos de discos deveriam ficar com ele, para enriquecer ainda mais aquele seu acervo, o qual ele o chama de &#8220;Publico&#8221;. Doei muita raridade e agora me arrependo. J\u00e1 n\u00e3o \u00e9 de hoje que as dificuldades da vida levou o cara a iniciar um processo de desfazimento do acervo. Descobriu que podia fazer muita grana com seus discos raros e vez por outra vai queimando a lenha. Hoje eu j\u00e1 n\u00e3o encaro aquilo l\u00e1 como um centro cultural p\u00fablico, a coisa virou loja mesmo e o neg\u00f3cio \u00e9 ganhar dinheiro. Tudo vira lenha e queima&#8230; Lastim\u00e1vel e lament\u00e1vel. Refor\u00e7o porque nessa eu tamb\u00e9m sai perdendo e para mim, a maior perda foi a da amizade. Fiquei mesmo muito decepcionado com uma pessoa que tinha como um grande amigo. Por conta desse mal estar e tamb\u00e9m em considera\u00e7\u00e3o a tudo que j\u00e1 vivemos como amigos, decidi fechar as portas da S\u00e1bado Som. N\u00e3o irei fazer frente e muito menos sombra para seu ego\u00edsmo. Fecho a loja, tiro a placa, n\u00e3o existo mais ali perto dele. N\u00e3o serei eu quem ir\u00e1 lev\u00e1-lo a fal\u00eancia. Deixa ele com seu engodo, com seus amigos, com seu sucesso. A ironia de tudo isso \u00e9 que eu havia montado esse espa\u00e7o para os discos, de maneira a buscar junto dele uma parceria. Nada hoje em dia funciona bem sem parceria. Como tamb\u00e9m sou funcion\u00e1rio p\u00fablico e a partir do pr\u00f3ximo ano estarei de volta as atividades presenciais, sei que a lojinha de discos n\u00e3o iria para frente e por conta disso j\u00e1 havia at\u00e9 planejado passar boa parte desses meus discos para a sua discoteca. Mas nada como uma decep\u00e7\u00e3o para fazer a gente mudar de ideia. A S\u00e1bado Som do Augusto acabou sem mesmo ter come\u00e7ado. Estou sim, bem chateado com tudo isso, mas n\u00e3o vou ficar dando trela. Partimos para outra, fala a minha resili\u00eancia.\u00a0<\/div>\n<div class=\"separator\">Desculpem esse desabafo, mas por alguma raz\u00e3o eu precisava torn\u00e1-lo p\u00fablico e aqui&#8230;<\/div>\n<div class=\"separator\">Sigamos&#8230;\u00a0<\/div>\n<div class=\"separator\">\u00a0<\/div>\n<div class=\"separator\">\u00a0<\/div>\n<div class=\"separator\">Augusto TM<\/div>","protected":false},"excerpt":{"rendered":"<p>Bom dia, meus caros amigos cultos e ocultos! Hoje eu quero fazer uma postagem diferente, n\u00e3o \u00e9 nenhum disco, mas \u00e9 sobre discos, ou talvez nem seja exatamente sobre eles, pois o que quero falar aqui \u00e9 algo que tem &hellip; <a href=\"https:\/\/www.toque-musicall.com\/?p=9014\">Continue lendo <span class=\"meta-nav\">&rarr;<\/span><\/a><\/p>\n","protected":false},"author":1,"featured_media":0,"comment_status":"closed","ping_status":"closed","sticky":false,"template":"","format":"standard","meta":{"footnotes":""},"categories":[658,4903],"tags":[3134,4904],"class_list":["post-9014","post","type-post","status-publish","format-standard","hentry","category-extras","category-sabado-som-do-augusto","tag-extras","tag-sabado-som-do-augusto"],"_links":{"self":[{"href":"https:\/\/www.toque-musicall.com\/index.php?rest_route=\/wp\/v2\/posts\/9014","targetHints":{"allow":["GET"]}}],"collection":[{"href":"https:\/\/www.toque-musicall.com\/index.php?rest_route=\/wp\/v2\/posts"}],"about":[{"href":"https:\/\/www.toque-musicall.com\/index.php?rest_route=\/wp\/v2\/types\/post"}],"author":[{"embeddable":true,"href":"https:\/\/www.toque-musicall.com\/index.php?rest_route=\/wp\/v2\/users\/1"}],"replies":[{"embeddable":true,"href":"https:\/\/www.toque-musicall.com\/index.php?rest_route=%2Fwp%2Fv2%2Fcomments&post=9014"}],"version-history":[{"count":1,"href":"https:\/\/www.toque-musicall.com\/index.php?rest_route=\/wp\/v2\/posts\/9014\/revisions"}],"predecessor-version":[{"id":9015,"href":"https:\/\/www.toque-musicall.com\/index.php?rest_route=\/wp\/v2\/posts\/9014\/revisions\/9015"}],"wp:attachment":[{"href":"https:\/\/www.toque-musicall.com\/index.php?rest_route=%2Fwp%2Fv2%2Fmedia&parent=9014"}],"wp:term":[{"taxonomy":"category","embeddable":true,"href":"https:\/\/www.toque-musicall.com\/index.php?rest_route=%2Fwp%2Fv2%2Fcategories&post=9014"},{"taxonomy":"post_tag","embeddable":true,"href":"https:\/\/www.toque-musicall.com\/index.php?rest_route=%2Fwp%2Fv2%2Ftags&post=9014"}],"curies":[{"name":"wp","href":"https:\/\/api.w.org\/{rel}","templated":true}]}}