{"id":9018,"date":"2021-12-16T10:50:00","date_gmt":"2021-12-16T12:50:00","guid":{"rendered":"https:\/\/www.toque-musicall.com\/?p=9018"},"modified":"2021-12-17T10:52:37","modified_gmt":"2021-12-17T12:52:37","slug":"clube-atletico-mineiro-compacto-1971","status":"publish","type":"post","link":"https:\/\/www.toque-musicall.com\/?p=9018","title":{"rendered":"Clube Atl\u00e9tico Mineiro &#8211; Compacto (1971)"},"content":{"rendered":"\n<figure class=\"wp-block-image size-large\"><img decoding=\"async\" src=\"https:\/\/blogger.googleusercontent.com\/img\/a\/AVvXsEh6s4dQ9fxdg0sYwQtO2u4Ctyzfr85AOos3SuGTsT9YO2GAmfJRWqAzigehw76TOefv4C4BeC0nN40TGm2uOCkSVRO69zYZo9FxCsDL26L079HZXDnmsq_M4k0vmehzX7Fd7Tujf3K1HUwOsPolXTm5x3FoYE7-Z7XvJq1YgbGnsWhbe-lO3X5r1vkb9g=w640-h640\" alt=\"\"\/><\/figure>\n\n\n\n<figure class=\"wp-block-image size-large\"><img decoding=\"async\" src=\"https:\/\/blogger.googleusercontent.com\/img\/a\/AVvXsEgiCeOoLn3DzCD5OZ-xKFz8y54TjL7dHNDuWDNnrW2ezKVxNYCS4M-uxCkhV6eH9E9dZWcHxQmf7vu_Hcyeozfp4P69D1Rz_L3qcLQzCtqNMUhfl43hcv4KilZfFFnIAfVVX38B1xf6h-Agrh6KKZe_3IWQqlKVZPoPJAwt1r6RglFLS8-izOcKyzmU8w=w632-h640\" alt=\"\"\/><\/figure>\n\n\n<div class=\"separator\">Bom dia, amigos cultos e ocultos! Aqui estamos novamente saudando o meu Gal\u00e3o, afinal a alegria \u00e9 grande, n\u00e9? Este compacto teria entrado ontem, n\u00e3o fosse eu me lembrar do lp, que achei mais apropriado. Mas eu j\u00e1 havia planejado para esta ultima quinzena do ano postar aqui uma s\u00e9rie de discos compactos, fechando o ano com os disquinhos de 7 polegadas. Desta ent\u00e3o, achei tamb\u00e9m apropriado come\u00e7armos com este compacto do Clube Atl\u00e9tico Mineiro, no qual temos de um lado o hino do clube e do outro (fazendo jus ao n\u00edvel de qualidade, hehehe&#8230;) nada menos que a Aquarela do Brasil, de Ary Barroso. Creio que este compacto j\u00e1 foi apresentado aqui, mas sem esta capa, onde temos estampado o s\u00edmbolo do maior campe\u00e3o do Brasil em 2021. \u00c9 s\u00f3 alegria \ud83d\ude42 Salve o Gal\u00e3o!!!<\/div>\n<div class=\"separator\">\u00a0<\/div>\n<div class=\"separator\">hino do clube atl\u00e9tico mineiro<\/div>\n<div class=\"separator\">aquarela do brasil<\/div>\n<div class=\"separator\">\u00a0<\/div>\n<div class=\"separator\">\u00a0<\/div>\n<div class=\"separator\">.<\/div>","protected":false},"excerpt":{"rendered":"<p>Bom dia, amigos cultos e ocultos! Aqui estamos novamente saudando o meu Gal\u00e3o, afinal a alegria \u00e9 grande, n\u00e9? Este compacto teria entrado ontem, n\u00e3o fosse eu me lembrar do lp, que achei mais apropriado. Mas eu j\u00e1 havia planejado &hellip; <a href=\"https:\/\/www.toque-musicall.com\/?p=9018\">Continue lendo <span class=\"meta-nav\">&rarr;<\/span><\/a><\/p>\n","protected":false},"author":1,"featured_media":0,"comment_status":"closed","ping_status":"closed","sticky":false,"template":"","format":"standard","meta":{"footnotes":""},"categories":[4867,93,1170,345],"tags":[4906,3072,4861,3727],"class_list":["post-9018","post","type-post","status-publish","format-standard","hentry","category-clube-atletico-mineiro","category-compactos","category-galo","category-selo-cid","tag-clube-atletico-mineiro","tag-compactos","tag-galo","tag-selo-cid"],"_links":{"self":[{"href":"https:\/\/www.toque-musicall.com\/index.php?rest_route=\/wp\/v2\/posts\/9018","targetHints":{"allow":["GET"]}}],"collection":[{"href":"https:\/\/www.toque-musicall.com\/index.php?rest_route=\/wp\/v2\/posts"}],"about":[{"href":"https:\/\/www.toque-musicall.com\/index.php?rest_route=\/wp\/v2\/types\/post"}],"author":[{"embeddable":true,"href":"https:\/\/www.toque-musicall.com\/index.php?rest_route=\/wp\/v2\/users\/1"}],"replies":[{"embeddable":true,"href":"https:\/\/www.toque-musicall.com\/index.php?rest_route=%2Fwp%2Fv2%2Fcomments&post=9018"}],"version-history":[{"count":1,"href":"https:\/\/www.toque-musicall.com\/index.php?rest_route=\/wp\/v2\/posts\/9018\/revisions"}],"predecessor-version":[{"id":9019,"href":"https:\/\/www.toque-musicall.com\/index.php?rest_route=\/wp\/v2\/posts\/9018\/revisions\/9019"}],"wp:attachment":[{"href":"https:\/\/www.toque-musicall.com\/index.php?rest_route=%2Fwp%2Fv2%2Fmedia&parent=9018"}],"wp:term":[{"taxonomy":"category","embeddable":true,"href":"https:\/\/www.toque-musicall.com\/index.php?rest_route=%2Fwp%2Fv2%2Fcategories&post=9018"},{"taxonomy":"post_tag","embeddable":true,"href":"https:\/\/www.toque-musicall.com\/index.php?rest_route=%2Fwp%2Fv2%2Ftags&post=9018"}],"curies":[{"name":"wp","href":"https:\/\/api.w.org\/{rel}","templated":true}]}}