{"id":902,"date":"2010-03-19T09:17:00","date_gmt":"2010-03-19T09:17:00","guid":{"rendered":"http:\/\/www.toque-musicall.com\/?p=902"},"modified":"2010-03-19T09:17:00","modified_gmt":"2010-03-19T09:17:00","slug":"fabiola-porcelana","status":"publish","type":"post","link":"https:\/\/www.toque-musicall.com\/?p=902","title":{"rendered":"Fabiola &#8211; Porcelana"},"content":{"rendered":"<p><a href=\"http:\/\/2.bp.blogspot.com\/_DSKVEvHtskc\/S6NGLmoiEYI\/AAAAAAAAGVA\/3ZNlTjxVzqo\/s1600-h\/fabi+F.JPG\"><img decoding=\"async\" style=\"TEXT-ALIGN: center; MARGIN: 0px auto 10px; WIDTH: 400px; DISPLAY: block; HEIGHT: 398px; CURSOR: hand\" id=\"BLOGGER_PHOTO_ID_5450277139211489666\" border=\"0\" alt=\"\" src=\"http:\/\/2.bp.blogspot.com\/_DSKVEvHtskc\/S6NGLmoiEYI\/AAAAAAAAGVA\/3ZNlTjxVzqo\/s400\/fabi+F.JPG\" \/><\/a> Chegamos a mais uma sexta feira e para n\u00e3o variar, hoje teremos um disco independente. Como a semana \u00e9 ainda dedicada \u00e0s mulheres, nada mais justo que o \u00e1lbum independente do dia seja tamb\u00e9m de uma mulher. Estou trazendo para voc\u00eas a cantora Fab\u00edola, um nome talvez pouco conhecido, mas que merece destaque aqui no Toque Musical. Fab\u00edola iniciou sua carreira nos anos 70, gravou seu primeiro disco, um compacto, produzido por Durval Ferreira. Ainda nessa \u00e9poca lan\u00e7ou um lp pela CBS, com produ\u00e7\u00e3o de Eduardo Lages e arranjos de Eduardo Souto Neto. Fez parte dos grupos Sele\u00e7\u00e3o e Cravo e Canela, esse \u00faltimo com participa\u00e7\u00e3o de Sivuca. Nos anos 80 ela se apresentou em diversas casas noturnas do Rio de Janeiro, ao lado de grandes instrumentistas como M\u00e1rcio Montarroyos, Osmar Milito e Edson Frederico. Fez &#8216;backing vocal&#8217; para discos de Tim Maia, Azimuth, Grupo Batuque e outros. Participou do Festival MPB Shell 82 e tamb\u00e9m gravou diversos &#8216;jingles&#8217;. Em 86 ela lan\u00e7ou este \u00e1lbum, chamado &#8220;Porcelana&#8221;, um lp bem produzido e com participa\u00e7\u00f5es especiais como as de T\u00e9o Lima, Maur\u00edcio Einhorn e Celso Fonseca. No repert\u00f3rio temos m\u00fasicas de Tavito, Sarah Benchimol, Aldir Blanc e por a\u00ed a fora&#8230; &#8220;Porcelana&#8221; foi relan\u00e7ado na vers\u00e3o CD e aproveitando este relan\u00e7amento a cantora passou a assinar como Fabyola Sendinno. A \u00faltima informa\u00e7\u00e3o que tenho dela foi como integrante do grupo vocal N\u00f3s Quatro, onde participam tamb\u00e9m os cantores M\u00e1rcio Lott, Clarisse Grova e C\u00e9lia Vaz.<\/p>\n<div> <\/div>\n<div align=\"center\">chuva mi\u00fada<\/div>\n<div align=\"center\">porcelana<\/div>\n<div align=\"center\">bal\u00e9 de cobras<\/div>\n<div align=\"center\">beleza marginal<\/div>\n<div align=\"center\">paix\u00e3o<\/div>\n<div align=\"center\">cora\u00e7\u00e3o atento<\/div>\n<div align=\"center\">black and blue<\/div>\n<div align=\"center\">tia eul\u00e1lia na xiba<\/div>\n<div align=\"center\">no mesmo colar<\/div>\n<div align=\"center\"> <\/div>\n<div align=\"center\"> <\/div>\n","protected":false},"excerpt":{"rendered":"<p>Chegamos a mais uma sexta feira e para n\u00e3o variar, hoje teremos um disco independente. Como a semana \u00e9 ainda dedicada \u00e0s mulheres, nada mais justo que o \u00e1lbum independente do dia seja tamb\u00e9m de uma mulher. Estou trazendo para &hellip; <a href=\"https:\/\/www.toque-musicall.com\/?p=902\">Continue lendo <span class=\"meta-nav\">&rarr;<\/span><\/a><\/p>\n","protected":false},"author":1,"featured_media":0,"comment_status":"open","ping_status":"closed","sticky":false,"template":"","format":"standard","meta":{"footnotes":""},"categories":[1202],"tags":[],"class_list":["post-902","post","type-post","status-publish","format-standard","hentry","category-fabyola-sendinno"],"_links":{"self":[{"href":"https:\/\/www.toque-musicall.com\/index.php?rest_route=\/wp\/v2\/posts\/902","targetHints":{"allow":["GET"]}}],"collection":[{"href":"https:\/\/www.toque-musicall.com\/index.php?rest_route=\/wp\/v2\/posts"}],"about":[{"href":"https:\/\/www.toque-musicall.com\/index.php?rest_route=\/wp\/v2\/types\/post"}],"author":[{"embeddable":true,"href":"https:\/\/www.toque-musicall.com\/index.php?rest_route=\/wp\/v2\/users\/1"}],"replies":[{"embeddable":true,"href":"https:\/\/www.toque-musicall.com\/index.php?rest_route=%2Fwp%2Fv2%2Fcomments&post=902"}],"version-history":[{"count":0,"href":"https:\/\/www.toque-musicall.com\/index.php?rest_route=\/wp\/v2\/posts\/902\/revisions"}],"wp:attachment":[{"href":"https:\/\/www.toque-musicall.com\/index.php?rest_route=%2Fwp%2Fv2%2Fmedia&parent=902"}],"wp:term":[{"taxonomy":"category","embeddable":true,"href":"https:\/\/www.toque-musicall.com\/index.php?rest_route=%2Fwp%2Fv2%2Fcategories&post=902"},{"taxonomy":"post_tag","embeddable":true,"href":"https:\/\/www.toque-musicall.com\/index.php?rest_route=%2Fwp%2Fv2%2Ftags&post=902"}],"curies":[{"name":"wp","href":"https:\/\/api.w.org\/{rel}","templated":true}]}}