{"id":9022,"date":"2021-12-18T20:20:00","date_gmt":"2021-12-18T22:20:00","guid":{"rendered":"https:\/\/www.toque-musicall.com\/?p=9022"},"modified":"2021-12-18T20:23:04","modified_gmt":"2021-12-18T22:23:04","slug":"poly-e-seu-conjunto-uma-festa-caipira-1960","status":"publish","type":"post","link":"https:\/\/www.toque-musicall.com\/?p=9022","title":{"rendered":"Poly E Seu Conjunto &#8211; Uma Festa Caipira (1960)"},"content":{"rendered":"\n<figure class=\"wp-block-image size-large\"><img decoding=\"async\" src=\"https:\/\/blogger.googleusercontent.com\/img\/a\/AVvXsEjnqUATMx-HqSOIgW1S0nUVuSawL1EzBOu4uhBdxqAovG1F7cXZNAobFrIe3KD_V1sSAZREZ50n3IxplN3CwodIeMMh2n0NysObzHEgbOltEUWwUGWkjCw_gIHDH88gMuiBan3KVIKMrGvnRdgSyY9A_Y6E29qHBQZggsbPkeR5Muw82oKROosH3rNFug=w632-h640\" alt=\"\"\/><\/figure>\n\n\n\n<figure class=\"wp-block-image size-large\"><img decoding=\"async\" src=\"https:\/\/blogger.googleusercontent.com\/img\/a\/AVvXsEg6rSWoyOcMBKlleCNFIh8NZbkMKW0SVDULKBK-GVl7eU75P69h4ysSZmMeKMsvwM0jAGRZczcYp7-cAClItq0yV23yp2UXiDw9lrg_fhWB3ARN5Bijle_1WDXu9XRs5GQ91RoDCVadjNrnV8rgUzQjvF48CeV8IwlwBBRj2VTtrW1kAZlqjPQAf2UmNA=w640-h628\" alt=\"\"\/><\/figure>\n\n\n<div class=\"separator\">Boa hora, caros amigos cultos e ocultos! Um disquinho meio fora de hora, podia ter entrado no meio do ano, em \u00e9poca de festa junina, mas s\u00f3 agora me lembrei dele. E em se tratando do grande \u00c2ngelo Apol\u00f4nio, ou Poly, excepcional instrumentista que dominava como poucos diferentes instrumentos de cordas, este disquinho \u00e9 bem vindo a qualquer momento. Como podemos ver, este \u00e9 um compacto duplo onde Poly nos apresenta quatro temas tradicionais juninos, ou no caso, uma bela festa caipira. Confiram&#8230;<\/div>\n<div class=\"separator\">\u00a0<\/div>\n<div class=\"separator\">festa na ro\u00e7a<\/div>\n<div class=\"separator\">quadrilha do tamandu\u00e1<\/div>\n<div class=\"separator\">o sanfoneiro s\u00f3 tocava isso<\/div>\n<div class=\"separator\">pau de sebo<\/div>\n<div class=\"separator\">\u00a0<\/div>\n<div class=\"separator\">\u00a0<\/div>\n<div class=\"separator\">.<\/div>\n<div class=\"separator\">\u00a0<\/div>","protected":false},"excerpt":{"rendered":"<p>Boa hora, caros amigos cultos e ocultos! Um disquinho meio fora de hora, podia ter entrado no meio do ano, em \u00e9poca de festa junina, mas s\u00f3 agora me lembrei dele. E em se tratando do grande \u00c2ngelo Apol\u00f4nio, ou &hellip; <a href=\"https:\/\/www.toque-musicall.com\/?p=9022\">Continue lendo <span class=\"meta-nav\">&rarr;<\/span><\/a><\/p>\n","protected":false},"author":1,"featured_media":0,"comment_status":"closed","ping_status":"closed","sticky":false,"template":"","format":"standard","meta":{"footnotes":""},"categories":[93,1287,40],"tags":[3072,4436,3327],"class_list":["post-9022","post","type-post","status-publish","format-standard","hentry","category-compactos","category-poly","category-selo-continental","tag-compactos","tag-poly","tag-selo-continental"],"_links":{"self":[{"href":"https:\/\/www.toque-musicall.com\/index.php?rest_route=\/wp\/v2\/posts\/9022","targetHints":{"allow":["GET"]}}],"collection":[{"href":"https:\/\/www.toque-musicall.com\/index.php?rest_route=\/wp\/v2\/posts"}],"about":[{"href":"https:\/\/www.toque-musicall.com\/index.php?rest_route=\/wp\/v2\/types\/post"}],"author":[{"embeddable":true,"href":"https:\/\/www.toque-musicall.com\/index.php?rest_route=\/wp\/v2\/users\/1"}],"replies":[{"embeddable":true,"href":"https:\/\/www.toque-musicall.com\/index.php?rest_route=%2Fwp%2Fv2%2Fcomments&post=9022"}],"version-history":[{"count":1,"href":"https:\/\/www.toque-musicall.com\/index.php?rest_route=\/wp\/v2\/posts\/9022\/revisions"}],"predecessor-version":[{"id":9023,"href":"https:\/\/www.toque-musicall.com\/index.php?rest_route=\/wp\/v2\/posts\/9022\/revisions\/9023"}],"wp:attachment":[{"href":"https:\/\/www.toque-musicall.com\/index.php?rest_route=%2Fwp%2Fv2%2Fmedia&parent=9022"}],"wp:term":[{"taxonomy":"category","embeddable":true,"href":"https:\/\/www.toque-musicall.com\/index.php?rest_route=%2Fwp%2Fv2%2Fcategories&post=9022"},{"taxonomy":"post_tag","embeddable":true,"href":"https:\/\/www.toque-musicall.com\/index.php?rest_route=%2Fwp%2Fv2%2Ftags&post=9022"}],"curies":[{"name":"wp","href":"https:\/\/api.w.org\/{rel}","templated":true}]}}