{"id":9027,"date":"2021-12-19T10:35:00","date_gmt":"2021-12-19T12:35:00","guid":{"rendered":"https:\/\/www.toque-musicall.com\/?p=9027"},"modified":"2021-12-20T10:37:58","modified_gmt":"2021-12-20T12:37:58","slug":"folguedos-populares-do-brasil-1972","status":"publish","type":"post","link":"https:\/\/www.toque-musicall.com\/?p=9027","title":{"rendered":"Folguedos Populares Do Brasil (1972)"},"content":{"rendered":"\n<figure class=\"wp-block-image size-large\"><img decoding=\"async\" src=\"https:\/\/blogger.googleusercontent.com\/img\/a\/AVvXsEg2i1S_xTgvSvQ3ASRG4zoYR5er5wX9Z4xIj_dcJWz78MmAkDgN3CTTaQNLaw4M6jWYHlp3UvSOM9CRyooJQzZoyGrIh_XluzihZ3p0URnPTypHkWBbTaQuHfJRZ0SGjxQWMast5p2rIGBw98hvjboVkWYhosdJI_-3l87pRs3IuTbqYxOLoI_yY1j-Tg=w640-h628\" alt=\"\"\/><\/figure>\n\n\n\n<figure class=\"wp-block-image size-large\"><img decoding=\"async\" src=\"https:\/\/blogger.googleusercontent.com\/img\/a\/AVvXsEhqSyPD5rz__OJiNiWKgB1Ik30UHfkxit5M4bqeChKvooVX5VFTsx95Woe1GYjUjilpIJPrL29n4XS6KP6AbrAjPPH6zdmT9mxvbZ1Kxu987ZtBPdZedqjwbb2Wmgi-Gcv0ULfpud4PzQSfrRXp0leecRGf4oYnqCppZUgSn0X2z62i2zUp0A_tWuQL0g=w640-h638\" alt=\"\"\/><\/figure>\n\n\n<div class=\"separator\">Bom dia, amigos cultos e ocultos! Temos aqui este compacto tripo promocional, lan\u00e7ado pela Philips como parte de seu calend\u00e1rio de 1972. Nessa \u00e9poca, a gravadora Philips tinha por costume distribuir calend\u00e1rios, aqueles bem ilustrados, tipo poster, de se por na parede. Para cada ano era escolhido um tema e neste de 72 traziam fotos de festas populares no Brasil. Uma cortesia da gravadora oferecida aos seus lojistas revendedores e junto vinha um disquinho de 7 polegadas com m\u00fasicas relacionadas ao tema proposto para o ano. E aqui temos o &#8220;Folgedos Populares do Brasil&#8221;, ou seja, um grupo com seis temas da cultura popular, m\u00fasicas de festas folcl\u00f3ricas, geralmente de origem religiosa ou de cultos africanos e tradicionais. Muito interessante, com certeza ir\u00e1 agradar \ud83d\ude42<\/div>\n<div class=\"separator\">\u00a0<\/div>\n<div class=\"separator\">cord\u00e3o dos bichos (&#8216;vai saudade&#8217; &#8211; corpora\u00e7\u00e3o musical santamarense)<\/div>\n<div class=\"separator\">congada (grava\u00e7\u00e3o original do grupo de congada de s. antonio da alegria &#8211; sp)<\/div>\n<div class=\"separator\">caip\u00f3 (grava\u00e7\u00e3o original do grupo de caip\u00f3 da cidade de s. jos\u00e9 do rio pardo &#8211; sp)<\/div>\n<div class=\"separator\">mo\u00e7ambique (grava\u00e7\u00e3o original do grupo mo\u00e7ambique uni\u00e3o de s. benedito de taubat\u00e9 &#8211; sp)<\/div>\n<div class=\"separator\">folia de reis (grava\u00e7\u00e3o original do grupo de folia de reis baiana de olimpia)<\/div>\n<div class=\"separator\">bandeiras &#8211; (&#8220;companhia do divino&#8221; &#8211; dirigida por sebasti\u00e3o ribeiro da silva)<\/div>\n<div class=\"separator\">\u00a0<\/div>\n<div class=\"separator\">\u00a0<\/div>\n<div class=\"separator\">\u00a0<\/div>\n<div class=\"separator\">.<\/div>\n<div class=\"separator\">\u00a0<\/div>","protected":false},"excerpt":{"rendered":"<p>Bom dia, amigos cultos e ocultos! Temos aqui este compacto tripo promocional, lan\u00e7ado pela Philips como parte de seu calend\u00e1rio de 1972. Nessa \u00e9poca, a gravadora Philips tinha por costume distribuir calend\u00e1rios, aqueles bem ilustrados, tipo poster, de se por &hellip; <a href=\"https:\/\/www.toque-musicall.com\/?p=9027\">Continue lendo <span class=\"meta-nav\">&rarr;<\/span><\/a><\/p>\n","protected":false},"author":1,"featured_media":0,"comment_status":"closed","ping_status":"closed","sticky":false,"template":"","format":"standard","meta":{"footnotes":""},"categories":[93,4909,48],"tags":[3072,4910,3012],"class_list":["post-9027","post","type-post","status-publish","format-standard","hentry","category-compactos","category-folguedos-populares-do-brasil","category-selo-philips","tag-compactos","tag-folguedos-populares-do-brasil","tag-selo-philips"],"_links":{"self":[{"href":"https:\/\/www.toque-musicall.com\/index.php?rest_route=\/wp\/v2\/posts\/9027","targetHints":{"allow":["GET"]}}],"collection":[{"href":"https:\/\/www.toque-musicall.com\/index.php?rest_route=\/wp\/v2\/posts"}],"about":[{"href":"https:\/\/www.toque-musicall.com\/index.php?rest_route=\/wp\/v2\/types\/post"}],"author":[{"embeddable":true,"href":"https:\/\/www.toque-musicall.com\/index.php?rest_route=\/wp\/v2\/users\/1"}],"replies":[{"embeddable":true,"href":"https:\/\/www.toque-musicall.com\/index.php?rest_route=%2Fwp%2Fv2%2Fcomments&post=9027"}],"version-history":[{"count":1,"href":"https:\/\/www.toque-musicall.com\/index.php?rest_route=\/wp\/v2\/posts\/9027\/revisions"}],"predecessor-version":[{"id":9028,"href":"https:\/\/www.toque-musicall.com\/index.php?rest_route=\/wp\/v2\/posts\/9027\/revisions\/9028"}],"wp:attachment":[{"href":"https:\/\/www.toque-musicall.com\/index.php?rest_route=%2Fwp%2Fv2%2Fmedia&parent=9027"}],"wp:term":[{"taxonomy":"category","embeddable":true,"href":"https:\/\/www.toque-musicall.com\/index.php?rest_route=%2Fwp%2Fv2%2Fcategories&post=9027"},{"taxonomy":"post_tag","embeddable":true,"href":"https:\/\/www.toque-musicall.com\/index.php?rest_route=%2Fwp%2Fv2%2Ftags&post=9027"}],"curies":[{"name":"wp","href":"https:\/\/api.w.org\/{rel}","templated":true}]}}