{"id":9029,"date":"2021-12-20T10:40:34","date_gmt":"2021-12-20T12:40:34","guid":{"rendered":"https:\/\/www.toque-musicall.com\/?p=9029"},"modified":"2021-12-20T10:40:34","modified_gmt":"2021-12-20T12:40:34","slug":"cruzeiro-e-c-compacto-1976","status":"publish","type":"post","link":"https:\/\/www.toque-musicall.com\/?p=9029","title":{"rendered":"Cruzeiro E. C. &#8211; Compacto (1976)"},"content":{"rendered":"\n<figure class=\"wp-block-image size-large\"><img decoding=\"async\" src=\"https:\/\/blogger.googleusercontent.com\/img\/a\/AVvXsEi7rwjjaLSL-ZEIupVY5NyVeiNFw7lmJlI-nXZVx8PC66hHDrZzYDm59m2-AxrXs1ef8-wruuPttH-4q5EiLqjOkMiy_tyl83eUff5x2j64GdLVfLGEaknWHaJil41djH78sOzIbJv-vcjQcB-ZyXPso76nVDoC9BPVtdh0t1iMJQfk9jH6gKO6s9KFTQ=w640-h640\" alt=\"\"\/><\/figure>\n\n\n\n<figure class=\"wp-block-image size-large\"><img decoding=\"async\" src=\"https:\/\/blogger.googleusercontent.com\/img\/a\/AVvXsEjJNJEVthGJCNtlkJVP87BE7NbQDmfs7DVl8eenDqEzWjt1DdReGh9PmCunY4L6Cgv5BenTk3kvQ42jnzllYo2eCUudaEAJyrb-f4GRx-ayMaelCXhnFVmaomwyOY8-04s92_xXnSf3VFvOHsxkfW0AeiWb6tX-nFohA38hTW7HWUA1-e6AFyErIpSpkg=w640-h634\" alt=\"\"\/><\/figure>\n\n\n<div class=\"separator\">Bom dia, amigos cultos e ocultos! Aproveitando o ensejo futebol\u00edstico, os discos compactos e tudo mais&#8230; E para n\u00e3o dizerem que eu sou tendencioso e s\u00f3 valorizo o Gal\u00e3o, eu hoje resolvi mostrar que n\u00e3o \u00e9 bem assim. Afinal, temos tamb\u00e9m por aqui muitos bons amigos, cultos e ocultos, que infelizmente s\u00e3o cruzeirenses. Gosto n\u00e3o se discute, apenas lamenta-se e cada um na sua. Oque seria do futebol se n\u00e3o houvesse a rivalidade esportiva, sadia, \u00e9 bom dizer&#8230; O que aconteceu ao time do Cruzeiro foi mesmo uma trag\u00e9dia, do tamanho de sua vaidade. Um tremendo &#8216;calaboca&#8217; para baixar um pouco o topete. E l\u00e1 se v\u00e3o dois anos de s\u00e9rie B. Mas o pior n\u00e3o \u00e9 isso, pois at\u00e9 aqui \u00e9 goza\u00e7\u00e3o, \u00e9 sarro de atleticanos. A coisa ficou s\u00e9ria e triste quando a fal\u00eancia tomou conta, pois ficou a um passo de deixar de existir. E isso \u00e9 muito ruim. P\u00e9ssimo para o torcedor e tamb\u00e9m para o rival e mais ainda para Minas Gerais que perderia um de seus times tradicionais. Por certo, os torcedores perderam, pois o futebol j\u00e1 n\u00e3o \u00e9 mais o mesmo. J\u00e1 n\u00e3o se torce para um time, mas sim para uma empresa e agora tem um dono, o ex-jogador Ronaldo Fen\u00f4meno, que deveria a partir de ent\u00e3o se chamar Ronaldo Salvador, pois \u00e9 o cara quem ir\u00e1 tentar salvar a empresa. Finalmente, surgiu uma luz no fim do t\u00fanel e o cruzeirense vaidoso j\u00e1 volta a sua velha postura pretenciosa. J\u00e1 est\u00e3o sonhando com campeonato mundial, vejam voc\u00eas! Hehehe&#8230; \u00e9 muita pretens\u00e3o e vaidade&#8230; Mas, ainda assim \u00e9 louv\u00e1vel ver que um jogador que saiu de suas bases ainda menino, voltaria um dia n\u00e3o apenas como o &#8216;dono da bola&#8217;, mas sim, o dono do time. Sinceramente, espero que o Cruzeiro se recupere, pelo menos at\u00e9 o ponto de poder enfrentar o Gal\u00e3o, pois n\u00e3o h\u00e1 nada mais desestimulante que ter um advers\u00e1rio que s\u00f3 fica na s\u00e9rie B. Boa sorte ao Cruzeiro! E para tanto, aqui vai nossa men\u00e7\u00e3o, nosso toque musical para este disquinho de 7 polegadas, lan\u00e7ado em 1976 e no qual, como podemos ver pela capa, traz o hino do clube, de um lado e do outro uma vers\u00e3o &#8216;moderninha&#8217; para a tradicional &#8220;Peixe vivo&#8221;, que n\u00e3o sei porque cargas d&#8217;\u00e1gua veio parar aqui. Sou mais a &#8220;Aquarela do Brasil&#8221; \ud83d\ude42<\/div>\n<div class=\"separator\">\u00a0<\/div>\n<div class=\"separator\">hino ao cruzeiro e. c.<\/div>\n<div class=\"separator\">peixe vivo\u00a0<\/div>\n<div class=\"separator\">\u00a0<\/div>\n<div class=\"separator\">\u00a0<\/div>\n<div class=\"separator\">\u00a0<\/div>","protected":false},"excerpt":{"rendered":"<p>Bom dia, amigos cultos e ocultos! Aproveitando o ensejo futebol\u00edstico, os discos compactos e tudo mais&#8230; E para n\u00e3o dizerem que eu sou tendencioso e s\u00f3 valorizo o Gal\u00e3o, eu hoje resolvi mostrar que n\u00e3o \u00e9 bem assim. Afinal, temos &hellip; <a href=\"https:\/\/www.toque-musicall.com\/?p=9029\">Continue lendo <span class=\"meta-nav\">&rarr;<\/span><\/a><\/p>\n","protected":false},"author":1,"featured_media":0,"comment_status":"closed","ping_status":"closed","sticky":false,"template":"","format":"standard","meta":{"footnotes":""},"categories":[93,4911,48],"tags":[3072,4912,3012],"class_list":["post-9029","post","type-post","status-publish","format-standard","hentry","category-compactos","category-cruzeiro-e-c","category-selo-philips","tag-compactos","tag-cruzeiro-e-c","tag-selo-philips"],"_links":{"self":[{"href":"https:\/\/www.toque-musicall.com\/index.php?rest_route=\/wp\/v2\/posts\/9029","targetHints":{"allow":["GET"]}}],"collection":[{"href":"https:\/\/www.toque-musicall.com\/index.php?rest_route=\/wp\/v2\/posts"}],"about":[{"href":"https:\/\/www.toque-musicall.com\/index.php?rest_route=\/wp\/v2\/types\/post"}],"author":[{"embeddable":true,"href":"https:\/\/www.toque-musicall.com\/index.php?rest_route=\/wp\/v2\/users\/1"}],"replies":[{"embeddable":true,"href":"https:\/\/www.toque-musicall.com\/index.php?rest_route=%2Fwp%2Fv2%2Fcomments&post=9029"}],"version-history":[{"count":1,"href":"https:\/\/www.toque-musicall.com\/index.php?rest_route=\/wp\/v2\/posts\/9029\/revisions"}],"predecessor-version":[{"id":9030,"href":"https:\/\/www.toque-musicall.com\/index.php?rest_route=\/wp\/v2\/posts\/9029\/revisions\/9030"}],"wp:attachment":[{"href":"https:\/\/www.toque-musicall.com\/index.php?rest_route=%2Fwp%2Fv2%2Fmedia&parent=9029"}],"wp:term":[{"taxonomy":"category","embeddable":true,"href":"https:\/\/www.toque-musicall.com\/index.php?rest_route=%2Fwp%2Fv2%2Fcategories&post=9029"},{"taxonomy":"post_tag","embeddable":true,"href":"https:\/\/www.toque-musicall.com\/index.php?rest_route=%2Fwp%2Fv2%2Ftags&post=9029"}],"curies":[{"name":"wp","href":"https:\/\/api.w.org\/{rel}","templated":true}]}}