{"id":9035,"date":"2021-12-23T10:53:00","date_gmt":"2021-12-23T12:53:00","guid":{"rendered":"https:\/\/www.toque-musicall.com\/?p=9035"},"modified":"2021-12-24T10:57:38","modified_gmt":"2021-12-24T12:57:38","slug":"paulinho-nunes-quartet-natal-jovem-1967","status":"publish","type":"post","link":"https:\/\/www.toque-musicall.com\/?p=9035","title":{"rendered":"Paulinho Nunes Quartet &#8211; Natal Jovem (1967)"},"content":{"rendered":"\n<figure class=\"wp-block-image size-large\"><img decoding=\"async\" src=\"https:\/\/blogger.googleusercontent.com\/img\/a\/AVvXsEhD5ujLI-vvFgztrKmqmkfnyNkwSMPBiL8ynP7422M8mODlVJ7xL_vOg4vTcMw6Ium2C5SnjHwQ5YRxys0wZHuiqawij-diKk_YZZhGXJBWZEfP0clWfnKP38cLF-eR7fKj-SANSxdTnt4C2Fjpi4AM2pNKJ9PtOzSTpg2cgW08L7HKS22W4an6wdOleA=w640-h638\" alt=\"\"\/><\/figure>\n\n\n\n<figure class=\"wp-block-image size-large\"><img decoding=\"async\" src=\"https:\/\/blogger.googleusercontent.com\/img\/a\/AVvXsEjWYNWU4FmB3MLhAIRxzp2rQdNjheeE2p9A-ttsOEtcjGj1VW7UO54xEXH9Mpz6Bx_JCCIhgJIt_uUqMxn92YZLmSkksItE46cy8cIKmg0w5csUe17e6FteRNbp2x2bmv9BEBD1V1RopJgUc_eV4khBj-BHcU0BhUXpZnz7v5rWG1Sk1rLrVpSMuYrU8Q=w634-h640\" alt=\"\"\/><\/figure>\n\n\n\n<figure class=\"wp-block-image size-large\"><img decoding=\"async\" src=\"https:\/\/blogger.googleusercontent.com\/img\/a\/AVvXsEj7CN1Zd-rZXGbW9CqN54U28uzhVMWqPaMzJcbaQDmTnSASVtrl95fETUuRBZjf5qtPCGRn9oXMj8bLHffCiysSqw9JyMlNxTeRuyzlyTirXlnO-CIuWthdhQ18Er4ZmoEcbnbEIox4RWDlGEgeaAx-7HDI1k1mSCkmIELUv-1rLZ3aBzxrJvBD40q3hQ=w614-h640\" alt=\"\"\/><\/figure>\n\n\n<div class=\"separator\">Ol\u00e1, amigos cultos e ocultos! Hoje o dia de deixarmos aqui nossos votos musicais de um feliz Natal a todos. Que em cada lar, em cada pessoa, a Luz maior possa chegar para iluminar nossos caminhos, que neste ano foi de muita treva. Que possamos nos dar as m\u00e3os e nos lembrar que a fraternidade \u00e9 o que nos une. Desejo a todos uma excelente noite de Natal.<\/div>\n<div class=\"separator\">Para lembrar o momento, a data, coisa que tradicionalmente fazemos, trago para voc\u00eas este rar\u00edssimo compacto natalino. Aqui temos &#8220;Natal Jovem&#8221;, uma produ\u00e7\u00e3o requintada em discos de sete polegadas, compacto duplo com capa dupla vazada, coisa feita com esmero no intuito de ser um presente, pelo pequeno selo carioca GCA William. \u00c9, sem d\u00favida, um compacto interessante, pois \u00e9 voltado para um p\u00fablico jovem (da \u00e9poca). Nele, como podemos ver, temos Paulinho Nunes &#8220;Quartet&#8221;, um conjunto de &#8220;y\u00ea-y\u00ea-y\u00ea&#8221; interpretando quatro temas cl\u00e1ssicos em vers\u00f5es bem divertidas e instrumentais. Pela sonoridade e estilo, acredito que este compacto tenha sido lan\u00e7ado por volta de 67. N\u00e3o consegui identificar esse artista Paulinho Nunes, mas parece ser um tecladista. Seu conjunto ainda tem baixo , bateria e guitarra, um t\u00edpico grupo instrumental da Jovem Guarda. Outro detalhe interessante \u00e9 que &#8220;Natal Jovem&#8221; foi lan\u00e7ado em dois volumes, ou seja, disco 1 e disco 2. N\u00f3s, infelizmente, s\u00f3 temos o volume 1 e dificilmente deve existir algum outro exemplar que j\u00e1 n\u00e3o esteja sendo vendido, em d\u00f3lar, em sites gringos. Afinal, tudo que tem de bom nesse nosso pa\u00eds acaba sempre indo parar nas m\u00e3os de estrangeiros, n\u00e3o apenas a nossa extinta ind\u00fastria fonogr\u00e1fica e sua rica produ\u00e7\u00e3o(vejam a Petrobr\u00e1s, a Embraer, a Amaz\u00f4nia&#8230;) E se tem uma coisa que brasileiro gosta \u00e9 de pagar em d\u00f3lar, \u00e9 chique!<\/div>\n<div class=\"separator\">Mas \u00e9 isso&#8230; por hora vamos comemorando o nascimento de Jesus e ouvindo nesta noite&#8230;<\/div>\n<div class=\"separator\">\u00a0<\/div>\n<div class=\"separator\">natal jovem<\/div>\n<div class=\"separator\">natal das crian\u00e7as<\/div>\n<div class=\"separator\">jingle bell<\/div>\n<div class=\"separator\">o bom velhinho<\/div>\n<div class=\"separator\">\u00a0<\/div>\n<div class=\"separator\">\u00a0<\/div>","protected":false},"excerpt":{"rendered":"<p>Ol\u00e1, amigos cultos e ocultos! Hoje o dia de deixarmos aqui nossos votos musicais de um feliz Natal a todos. Que em cada lar, em cada pessoa, a Luz maior possa chegar para iluminar nossos caminhos, que neste ano foi &hellip; <a href=\"https:\/\/www.toque-musicall.com\/?p=9035\">Continue lendo <span class=\"meta-nav\">&rarr;<\/span><\/a><\/p>\n","protected":false},"author":1,"featured_media":0,"comment_status":"closed","ping_status":"closed","sticky":false,"template":"","format":"standard","meta":{"footnotes":""},"categories":[93,4916,4917],"tags":[3072,4919,4918],"class_list":["post-9035","post","type-post","status-publish","format-standard","hentry","category-compactos","category-paulinho-nunes-quartet","category-selo-gca-william","tag-compactos","tag-paulinho-nunes-quartet","tag-selo-gca-william"],"_links":{"self":[{"href":"https:\/\/www.toque-musicall.com\/index.php?rest_route=\/wp\/v2\/posts\/9035","targetHints":{"allow":["GET"]}}],"collection":[{"href":"https:\/\/www.toque-musicall.com\/index.php?rest_route=\/wp\/v2\/posts"}],"about":[{"href":"https:\/\/www.toque-musicall.com\/index.php?rest_route=\/wp\/v2\/types\/post"}],"author":[{"embeddable":true,"href":"https:\/\/www.toque-musicall.com\/index.php?rest_route=\/wp\/v2\/users\/1"}],"replies":[{"embeddable":true,"href":"https:\/\/www.toque-musicall.com\/index.php?rest_route=%2Fwp%2Fv2%2Fcomments&post=9035"}],"version-history":[{"count":1,"href":"https:\/\/www.toque-musicall.com\/index.php?rest_route=\/wp\/v2\/posts\/9035\/revisions"}],"predecessor-version":[{"id":9036,"href":"https:\/\/www.toque-musicall.com\/index.php?rest_route=\/wp\/v2\/posts\/9035\/revisions\/9036"}],"wp:attachment":[{"href":"https:\/\/www.toque-musicall.com\/index.php?rest_route=%2Fwp%2Fv2%2Fmedia&parent=9035"}],"wp:term":[{"taxonomy":"category","embeddable":true,"href":"https:\/\/www.toque-musicall.com\/index.php?rest_route=%2Fwp%2Fv2%2Fcategories&post=9035"},{"taxonomy":"post_tag","embeddable":true,"href":"https:\/\/www.toque-musicall.com\/index.php?rest_route=%2Fwp%2Fv2%2Ftags&post=9035"}],"curies":[{"name":"wp","href":"https:\/\/api.w.org\/{rel}","templated":true}]}}