{"id":9037,"date":"2021-12-24T11:34:06","date_gmt":"2021-12-24T13:34:06","guid":{"rendered":"https:\/\/www.toque-musicall.com\/?p=9037"},"modified":"2021-12-24T11:34:06","modified_gmt":"2021-12-24T13:34:06","slug":"canarinhos-de-petropolis-1959","status":"publish","type":"post","link":"https:\/\/www.toque-musicall.com\/?p=9037","title":{"rendered":"Canarinhos De Petr\u00f3polis (1959)"},"content":{"rendered":"\n<figure class=\"wp-block-image size-large\"><img decoding=\"async\" src=\"https:\/\/blogger.googleusercontent.com\/img\/a\/AVvXsEg9bWgNMJ-xTyNOm1coydLkRGJUmqfRixCZ3ZYkHhYGa_ecUh3yG3Q3tOgX3tXDmDrgePY5fiTdNDnuinDLH6KSN_TA57KFOSDS8vPra2-2v4cmEOaw62QFcz0ha-0OX4N93kBG_42HCotfsbUhsOojR5cSaYIq06Omi-nBBOd7zO7tNnh5UEaXhA2KZA=w638-h640\" alt=\"\"\/><\/figure>\n\n\n\n<figure class=\"wp-block-image size-large\"><img decoding=\"async\" src=\"https:\/\/blogger.googleusercontent.com\/img\/a\/AVvXsEhRpIWWMmwbkZsQ5exaj6h-HlvhwMbhpHFtb3LxRCk28BbKMM_x0ZSCVOwDxgpThXoXINbmz1lEflyQgaJR4_j4Ml6bLNgxJqEwjpNxyQkJ2QVEjjtlLWeNeiHATfYoDskH8BTK6WNCyOjaezpx8lDa1af3RJe1YYIPNZN3BvcmfnGLVN1yfwynR_33yQ=w630-h640\" alt=\"\"\/><\/figure>\n\n\n<div class=\"separator\">Boa hora, amigos cultos e ocultos! Claro que eu n\u00e3o poderia deixar de refor\u00e7ar aqui nossos votos natalinos e assim e mais uma vez trago para voc\u00eas um compacto apropriado ao momento. Tenho aqui os Canarinhos de Petr\u00f3polis, c\u00f4ro do Instituto dos Meninos Cantores de Petr\u00f3polis. Disquinho lan\u00e7ado originalmente em 1959 e novamente distribu\u00eddo em 1962, na Conferencia Distrital daquele ano. Trata-se de um compacto simples trazendo dois temas: &#8220;Ave Maria&#8221; e &#8220;Noite Feliz&#8221;. Os Canarinhos de Petr\u00f3polis \u00e9 talvez o mais antigo coro infantil masculino ainda em atividade no Brasil. Eles surgiram nos anos 40, em uma festa de Primeira Comunh\u00e3o, em 1942 e ganharam este nome por conta de suas vestimentas que eram amarelas. Este conjunto vocal de Petr\u00f3polis, ligado a Igreja Cat\u00f3lica, se tornou nacionalmente conhecido e chegaram at\u00e9 mesmo a excursionar pela Europa, indo ao Vaticano, onde foram recebidos pelo Papa. Ao longo de v\u00e1rias d\u00e9cadas eles lan\u00e7aram muitos discos e nos dias atuais o coro \u00e9 tamb\u00e9m formado por meninas e sempre muito atuantes.\u00a0<\/div>\n<div class=\"separator\">Fica aqui ent\u00e3o e mais uma vez os nossos votos de uma Noite Feliz. Feliz Natal a todos!<\/div>\n<div class=\"separator\">\u00a0<\/div>\n<div class=\"separator\">ave maria<\/div>\n<div class=\"separator\">noite feliz\u00a0<\/div>\n<div class=\"separator\">\u00a0<\/div>\n<div class=\"separator\">\u00a0<\/div>\n<div class=\"separator\">.<\/div>","protected":false},"excerpt":{"rendered":"<p>Boa hora, amigos cultos e ocultos! Claro que eu n\u00e3o poderia deixar de refor\u00e7ar aqui nossos votos natalinos e assim e mais uma vez trago para voc\u00eas um compacto apropriado ao momento. Tenho aqui os Canarinhos de Petr\u00f3polis, c\u00f4ro do &hellip; <a href=\"https:\/\/www.toque-musicall.com\/?p=9037\">Continue lendo <span class=\"meta-nav\">&rarr;<\/span><\/a><\/p>\n","protected":false},"author":1,"featured_media":0,"comment_status":"closed","ping_status":"closed","sticky":false,"template":"","format":"standard","meta":{"footnotes":""},"categories":[4920,93,4921],"tags":[4922,3072,4923],"class_list":["post-9037","post","type-post","status-publish","format-standard","hentry","category-canarinhos-de-petropolis","category-compactos","category-selo-som-presente","tag-canarinhos-de-petropolis","tag-compactos","tag-selo-som-presente"],"_links":{"self":[{"href":"https:\/\/www.toque-musicall.com\/index.php?rest_route=\/wp\/v2\/posts\/9037","targetHints":{"allow":["GET"]}}],"collection":[{"href":"https:\/\/www.toque-musicall.com\/index.php?rest_route=\/wp\/v2\/posts"}],"about":[{"href":"https:\/\/www.toque-musicall.com\/index.php?rest_route=\/wp\/v2\/types\/post"}],"author":[{"embeddable":true,"href":"https:\/\/www.toque-musicall.com\/index.php?rest_route=\/wp\/v2\/users\/1"}],"replies":[{"embeddable":true,"href":"https:\/\/www.toque-musicall.com\/index.php?rest_route=%2Fwp%2Fv2%2Fcomments&post=9037"}],"version-history":[{"count":1,"href":"https:\/\/www.toque-musicall.com\/index.php?rest_route=\/wp\/v2\/posts\/9037\/revisions"}],"predecessor-version":[{"id":9038,"href":"https:\/\/www.toque-musicall.com\/index.php?rest_route=\/wp\/v2\/posts\/9037\/revisions\/9038"}],"wp:attachment":[{"href":"https:\/\/www.toque-musicall.com\/index.php?rest_route=%2Fwp%2Fv2%2Fmedia&parent=9037"}],"wp:term":[{"taxonomy":"category","embeddable":true,"href":"https:\/\/www.toque-musicall.com\/index.php?rest_route=%2Fwp%2Fv2%2Fcategories&post=9037"},{"taxonomy":"post_tag","embeddable":true,"href":"https:\/\/www.toque-musicall.com\/index.php?rest_route=%2Fwp%2Fv2%2Ftags&post=9037"}],"curies":[{"name":"wp","href":"https:\/\/api.w.org\/{rel}","templated":true}]}}