{"id":904,"date":"2010-03-17T10:35:00","date_gmt":"2010-03-17T10:35:00","guid":{"rendered":"http:\/\/www.toque-musicall.com\/?p=904"},"modified":"2010-03-17T10:35:00","modified_gmt":"2010-03-17T10:35:00","slug":"carmen-e-aurora-miranda-filigranas-musicais-vol-vii-1988","status":"publish","type":"post","link":"https:\/\/www.toque-musicall.com\/?p=904","title":{"rendered":"Carmen E Aurora Miranda &#8211; Filigranas Musicais Vol. VII (1988)"},"content":{"rendered":"<p><a href=\"http:\/\/3.bp.blogspot.com\/_DSKVEvHtskc\/S6C4EmY6wSI\/AAAAAAAAGUQ\/LDJFJLR-3a0\/s1600-h\/folder+p.JPG\"><img decoding=\"async\" style=\"TEXT-ALIGN: center; MARGIN: 0px auto 10px; WIDTH: 400px; DISPLAY: block; HEIGHT: 396px; CURSOR: hand\" id=\"BLOGGER_PHOTO_ID_5449557938282348834\" border=\"0\" alt=\"\" src=\"http:\/\/3.bp.blogspot.com\/_DSKVEvHtskc\/S6C4EmY6wSI\/AAAAAAAAGUQ\/LDJFJLR-3a0\/s400\/folder+p.JPG\" \/><\/a>Ol\u00e1! Em nossa semana dedicada \u00e0 mulher, uma artista que n\u00e3o poderia faltar \u00e9 Carmem Miranda. Melhor ainda se vier tamb\u00e9m a irm\u00e3, Aurora. Devo antes de tudo esclarecer que n\u00e3o se trata de um disco com grava\u00e7\u00f5es das duas cantando juntas. O que temos na verdade \u00e9 um &#8216;meio a meio&#8217;. De um lado vem Carmem Miranda com grava\u00e7\u00f5es pela RCA Victor entre os anos de 1930 a 35. O outro lado \u00e9 de Aurora Miranda em grava\u00e7\u00f5es que v\u00e3o de 1938 a 40. S\u00e3o, sem d\u00favida, registros raros relan\u00e7ados em vinil pela Filigranas Musicais, uma editora especializada em resgatar o som das primeiras bolachas da m\u00fasica brasileira, atrav\u00e9s de acervos de colecionadores (pois se fossem depender dos arquivos de gravadora a mpb n\u00e3o teria a mesma hist\u00f3ria)<\/p>\n<div align=\"center\">um pouquinho de voc\u00ea &#8211; carmem miranda<\/div>\n<div align=\"center\">ser\u00e1 voc\u00ea &#8211; carmem miranda<\/div>\n<div align=\"center\">bom dia meu amor &#8211; carmem miranda<br \/>sorrisos &#8211; carmem miranda<\/div>\n<div align=\"center\">de quem eu gosto &#8211; carmem miranda<\/div>\n<div align=\"center\">que bom que estava &#8211; carmem miranda<\/div>\n<div align=\"center\">cora\u00e7\u00e3o sonhador &#8211; aurora miranda<\/div>\n<div align=\"center\">paulo, paulo &#8211; aurora miranda<\/div>\n<div align=\"center\">petisco do baile &#8211; aurora miranda<\/div>\n<div align=\"center\">n\u00e3o vejo jeito &#8211; aurora miranda<\/div>\n<div align=\"center\">pau que nasce torto &#8211; aurora miranda<\/div>\n<div align=\"center\">barbeiro se sevilha &#8211; aurora miranda <\/div>\n","protected":false},"excerpt":{"rendered":"<p>Ol\u00e1! Em nossa semana dedicada \u00e0 mulher, uma artista que n\u00e3o poderia faltar \u00e9 Carmem Miranda. Melhor ainda se vier tamb\u00e9m a irm\u00e3, Aurora. Devo antes de tudo esclarecer que n\u00e3o se trata de um disco com grava\u00e7\u00f5es das duas &hellip; <a href=\"https:\/\/www.toque-musicall.com\/?p=904\">Continue lendo <span class=\"meta-nav\">&rarr;<\/span><\/a><\/p>\n","protected":false},"author":1,"featured_media":0,"comment_status":"open","ping_status":"closed","sticky":false,"template":"","format":"standard","meta":{"footnotes":""},"categories":[933,816],"tags":[],"class_list":["post-904","post","type-post","status-publish","format-standard","hentry","category-aurora-miranda","category-carmen-miranda"],"_links":{"self":[{"href":"https:\/\/www.toque-musicall.com\/index.php?rest_route=\/wp\/v2\/posts\/904","targetHints":{"allow":["GET"]}}],"collection":[{"href":"https:\/\/www.toque-musicall.com\/index.php?rest_route=\/wp\/v2\/posts"}],"about":[{"href":"https:\/\/www.toque-musicall.com\/index.php?rest_route=\/wp\/v2\/types\/post"}],"author":[{"embeddable":true,"href":"https:\/\/www.toque-musicall.com\/index.php?rest_route=\/wp\/v2\/users\/1"}],"replies":[{"embeddable":true,"href":"https:\/\/www.toque-musicall.com\/index.php?rest_route=%2Fwp%2Fv2%2Fcomments&post=904"}],"version-history":[{"count":0,"href":"https:\/\/www.toque-musicall.com\/index.php?rest_route=\/wp\/v2\/posts\/904\/revisions"}],"wp:attachment":[{"href":"https:\/\/www.toque-musicall.com\/index.php?rest_route=%2Fwp%2Fv2%2Fmedia&parent=904"}],"wp:term":[{"taxonomy":"category","embeddable":true,"href":"https:\/\/www.toque-musicall.com\/index.php?rest_route=%2Fwp%2Fv2%2Fcategories&post=904"},{"taxonomy":"post_tag","embeddable":true,"href":"https:\/\/www.toque-musicall.com\/index.php?rest_route=%2Fwp%2Fv2%2Ftags&post=904"}],"curies":[{"name":"wp","href":"https:\/\/api.w.org\/{rel}","templated":true}]}}