{"id":9041,"date":"2021-12-26T09:39:00","date_gmt":"2021-12-26T11:39:00","guid":{"rendered":"https:\/\/www.toque-musicall.com\/?p=9041"},"modified":"2021-12-27T09:42:24","modified_gmt":"2021-12-27T11:42:24","slug":"luiz-gonzaga-compacto-1972","status":"publish","type":"post","link":"https:\/\/www.toque-musicall.com\/?p=9041","title":{"rendered":"Luiz Gonzaga &#8211; Compacto (1972)"},"content":{"rendered":"\n<figure class=\"wp-block-image size-large\"><img decoding=\"async\" src=\"https:\/\/blogger.googleusercontent.com\/img\/a\/AVvXsEg3K8TIzifI_KIeEeE7d1m8xtLVveMpB-mIIUtJcGqOQhtJG_-fUiko52pLG32tmhmDNv_4qpK5dFJ5vVK_CJRCXeH4khPRqvG20qZbTTfJOAo4aGH_MtPIET90l-1j-ODD0ksxyewZ5Mz9YqfPptd87usRCOibgKXzb750AqrQelal7arNPMxUS-VPTw=w636-h640\" alt=\"\"\/><\/figure>\n\n\n\n<figure class=\"wp-block-image size-large\"><img decoding=\"async\" src=\"https:\/\/blogger.googleusercontent.com\/img\/a\/AVvXsEih0IQVrDFb4K-wQpoSUgro7ZiAuScoIB_Q0Y1wUC0EBEyL_9WQSGmxkbTvOTmOGquTuLejYZV6bHr4WoiJBqtxFEI1fPDl3JT7bVGjFuz0qRhBGoj1dYcB8Qzpq8a37Zr2ucDdFcOgTZC8IfSMII7FJcQVq9LF1HDnWywV8isRsiOrOCuPx8GP1U5RVA=w638-h640\" alt=\"\"\/><\/figure>\n\n\n<div class=\"separator\">Bom dia, meus caros amigos cultos e ocultos! Passado as comemora\u00e7\u00f5es natalinas temos ainda uma semana para finalizar esse triste ano de 2021. N\u00e3o vou nem entrar em considera\u00e7\u00f5es, pois sempre que o fa\u00e7o surgem as retalia\u00e7\u00f5es&#8230; O fato \u00e9 que o ano j\u00e1 est\u00e1 acabano e vamos aproveitar para por em dia nossas postagens de compactos. S\u00e3o tantos disquinhos interessante e geralmente costumam trazer um diferencial que nem sempre est\u00e1 presente em suas vers\u00f5es integrais, ou seja, na vers\u00e3o final em lp. Como todos devem saber, o disco compacto foi criado na intens\u00e3o de ser uma amostra. Compactos para as gravadoras eram discos de testes, disquinhos para se lan\u00e7ar a m\u00fasica. J\u00e1 os lps eram para apresentar o artista. Por\u00e9m, os compactos tamb\u00e9m serviram para produ\u00e7\u00f5es modestas, para a publicidade e at\u00e9 mesmo como complemento para uma obra que n\u00e3o coubesse de todo em um lp. O certo \u00e9 que esses disquinhos s\u00e3o mesmo muito charmosos e paix\u00e3o de muito colecionador.<\/div>\n<div class=\"separator\">Aqui temos um compacto de Luiz Gonzaga, lan\u00e7ado pela RCA Victor, em 1972. Pr\u00e9-lan\u00e7amento para seu lp &#8220;Aquilo Bom!&#8221;, produzido naquele ano. Como destaque, para o disquinho, foram escolhidas as faixas &#8220;Aquilo bom (garotas do Leblon)&#8221; e &#8220;Forr\u00f3 do Z\u00e9 Buchudo&#8221;. Ainda complementando, segue aqui um coment\u00e1rio de nosso saudoso Samuca (Samuel Machado Filho) a respeito do disco: &#8220;Este lp\u00a0 de 72 (RCA Camden CASB-5360) encerrou a primeira fase de Luiz Gonzaga na RCA, onde estava desde que come\u00e7ou sua carreia fonogr\u00e1fica, em 1941. Depois o Rei do Bai\u00e3o iria se transferir para a Odeon, onde gravou dois lps e um compacto simples. Em 1976, ap\u00f3s um ano sem gravar, Gonzag\u00e3o voltaria com for\u00e7a total a RCA, com o lp &#8220;Capim Novo&#8221; e ali ficaria at\u00e9 1988, quando foi para a Copacabana, \u00faltima gravadora em que trabalhou.&#8221;<\/div>\n<div class=\"separator\">\u00a0<\/div>\n<div class=\"separator\">aquilo bom!<\/div>\n<div class=\"separator\">forr\u00f3 do z\u00e9 buchudo<\/div>\n<div class=\"separator\">\u00a0<\/div>\n<div class=\"separator\">\u00a0<\/div>\n<div class=\"separator\">.<\/div>","protected":false},"excerpt":{"rendered":"<p>Bom dia, meus caros amigos cultos e ocultos! Passado as comemora\u00e7\u00f5es natalinas temos ainda uma semana para finalizar esse triste ano de 2021. N\u00e3o vou nem entrar em considera\u00e7\u00f5es, pois sempre que o fa\u00e7o surgem as retalia\u00e7\u00f5es&#8230; O fato \u00e9 &hellip; <a href=\"https:\/\/www.toque-musicall.com\/?p=9041\">Continue lendo <span class=\"meta-nav\">&rarr;<\/span><\/a><\/p>\n","protected":false},"author":1,"featured_media":0,"comment_status":"closed","ping_status":"closed","sticky":false,"template":"","format":"standard","meta":{"footnotes":""},"categories":[93,222,70],"tags":[3072,3226,3061],"class_list":["post-9041","post","type-post","status-publish","format-standard","hentry","category-compactos","category-luiz-gonzaga","category-selo-rca-victor","tag-compactos","tag-luiz-gonzaga","tag-selo-rca-victor"],"_links":{"self":[{"href":"https:\/\/www.toque-musicall.com\/index.php?rest_route=\/wp\/v2\/posts\/9041","targetHints":{"allow":["GET"]}}],"collection":[{"href":"https:\/\/www.toque-musicall.com\/index.php?rest_route=\/wp\/v2\/posts"}],"about":[{"href":"https:\/\/www.toque-musicall.com\/index.php?rest_route=\/wp\/v2\/types\/post"}],"author":[{"embeddable":true,"href":"https:\/\/www.toque-musicall.com\/index.php?rest_route=\/wp\/v2\/users\/1"}],"replies":[{"embeddable":true,"href":"https:\/\/www.toque-musicall.com\/index.php?rest_route=%2Fwp%2Fv2%2Fcomments&post=9041"}],"version-history":[{"count":1,"href":"https:\/\/www.toque-musicall.com\/index.php?rest_route=\/wp\/v2\/posts\/9041\/revisions"}],"predecessor-version":[{"id":9042,"href":"https:\/\/www.toque-musicall.com\/index.php?rest_route=\/wp\/v2\/posts\/9041\/revisions\/9042"}],"wp:attachment":[{"href":"https:\/\/www.toque-musicall.com\/index.php?rest_route=%2Fwp%2Fv2%2Fmedia&parent=9041"}],"wp:term":[{"taxonomy":"category","embeddable":true,"href":"https:\/\/www.toque-musicall.com\/index.php?rest_route=%2Fwp%2Fv2%2Fcategories&post=9041"},{"taxonomy":"post_tag","embeddable":true,"href":"https:\/\/www.toque-musicall.com\/index.php?rest_route=%2Fwp%2Fv2%2Ftags&post=9041"}],"curies":[{"name":"wp","href":"https:\/\/api.w.org\/{rel}","templated":true}]}}