{"id":9048,"date":"2021-12-28T11:00:18","date_gmt":"2021-12-28T13:00:18","guid":{"rendered":"https:\/\/www.toque-musicall.com\/?p=9048"},"modified":"2021-12-28T15:21:48","modified_gmt":"2021-12-28T17:21:48","slug":"sergio-mendes-1982","status":"publish","type":"post","link":"https:\/\/www.toque-musicall.com\/?p=9048","title":{"rendered":"Sergio Mendes (1982)"},"content":{"rendered":"\n<figure class=\"wp-block-image size-large\"><img decoding=\"async\" src=\"https:\/\/blogger.googleusercontent.com\/img\/a\/AVvXsEidR_4Y-Mm0QJFgIUfgivLiRKDJadzTXCvlWg4r5h_XL7_SohDrFYn0KomRcFCO6FYQnFshKS2yPP4WkojtyKm_iWHsOOMq9I2ufsD8rqcdyIeujTIbDxwHT6dnNr7kc3xQYccqOFzkmA1sP6o8LMV_rgBkH5gNBTsiclrVhKuqWDW6zla3ugXckoiLMQ=w640-h634\" alt=\"\"\/><\/figure>\n\n\n\n<figure class=\"wp-block-image size-large\"><img decoding=\"async\" src=\"https:\/\/blogger.googleusercontent.com\/img\/a\/AVvXsEiXfAFLjHbTkeKQQHaU6u4wYmaHeZWnD6Cl-m2gWhOrMf1JPUrWyyYdtasUenQCptLuze0nFtPgMnl3uKgJZzy0tiPCQ6wLPlhxouKPRcr4NKQv61uwkMJ8tAmYZlN3sz3AQ1HSP6hTojTC6IoPBHp8e5PTGqEGZnWNS-zv95EfSCHVmMHkHBeSjYWTuQ=w634-h640\" alt=\"\"\/><\/figure>\n\n\n<div class=\"separator\">Bom dia, meus caros amigos cultos e ocultos! Segue aqui mais um disquinho de sete polegadas. Desta vez destacando o competente S\u00e9rgio Mendes em um de seus momentos de sucesso nos anos 80. Absorvido totalmente pela cultura americana, nosso artista se transformou numa refer\u00eancia mundial da m\u00fasica pop de qualidade. Sua produ\u00e7\u00e3o musical, al\u00e9m da Bossa Nova, tem fortes liga\u00e7\u00f5es com o jazz, funk, rhytnm blues, soul e consequentemente o pop americano. Neste compacto, lan\u00e7ado em 1982, pela A&amp;M Records temos o &#8216;hit&#8217; de sucesso mundial, &#8220;I neve gonna let you go&#8221;, m\u00fasica esta que tamb\u00e9m fez parte da trilha de uma novela da Rede Globo, &#8220;Final feliz&#8221;. Do outro lado do disquinho temos a adapta\u00e7\u00e3o de &#8220;Festa do interior&#8221;, m\u00fasica de Moraes Moreira e Abel Silva que aqui recebeu o nome de &#8220;Carnaval&#8221;. Essas duas m\u00fasicas s\u00f3 entrariam no \u00e1lbum Sergio Mendes, de 1983.\u00a0<\/div>\n<div class=\"separator\">Eu havia pensado em postar esse compacto como o \u00faltimo disco do ano, aproveitando o gancho da novela &#8220;Final feliz&#8221;, mas convenhamos, este ainda n\u00e3o \u00e9 o final feliz, pelo menos neste ano n\u00e3o. Quem sabe no ano que vem, n\u00e9? Mas tem que olhar para cima, deixar o negativismo de lado e as m\u00e1s influencias vindas da politiza\u00e7\u00e3o xucra que transformou o Brasil num imenso curral. Por hora, ficamos no arrependimento e na esperan\u00e7a e alegria de um novo carnaval.<\/div>\n<div class=\"separator\">\u00a0<\/div>\n<div class=\"separator\">never gonna let you go<\/div>\n<div class=\"separator\">carnaval &#8211; festa do interior<\/div>\n<div class=\"separator\">\u00a0<\/div>\n<div class=\"separator\">\u00a0<\/div>\n<div class=\"separator\">\u00a0<\/div>\n<div class=\"separator\">.<\/div>","protected":false},"excerpt":{"rendered":"<p>Bom dia, meus caros amigos cultos e ocultos! Segue aqui mais um disquinho de sete polegadas. Desta vez destacando o competente S\u00e9rgio Mendes em um de seus momentos de sucesso nos anos 80. Absorvido totalmente pela cultura americana, nosso artista &hellip; <a href=\"https:\/\/www.toque-musicall.com\/?p=9048\">Continue lendo <span class=\"meta-nav\">&rarr;<\/span><\/a><\/p>\n","protected":false},"author":1,"featured_media":0,"comment_status":"closed","ping_status":"closed","sticky":false,"template":"","format":"standard","meta":{"footnotes":""},"categories":[563],"tags":[3072,4082,3064],"class_list":["post-9048","post","type-post","status-publish","format-standard","hentry","category-sergio-mendes","tag-compactos","tag-selo-am-records","tag-sergio-mendes"],"_links":{"self":[{"href":"https:\/\/www.toque-musicall.com\/index.php?rest_route=\/wp\/v2\/posts\/9048","targetHints":{"allow":["GET"]}}],"collection":[{"href":"https:\/\/www.toque-musicall.com\/index.php?rest_route=\/wp\/v2\/posts"}],"about":[{"href":"https:\/\/www.toque-musicall.com\/index.php?rest_route=\/wp\/v2\/types\/post"}],"author":[{"embeddable":true,"href":"https:\/\/www.toque-musicall.com\/index.php?rest_route=\/wp\/v2\/users\/1"}],"replies":[{"embeddable":true,"href":"https:\/\/www.toque-musicall.com\/index.php?rest_route=%2Fwp%2Fv2%2Fcomments&post=9048"}],"version-history":[{"count":3,"href":"https:\/\/www.toque-musicall.com\/index.php?rest_route=\/wp\/v2\/posts\/9048\/revisions"}],"predecessor-version":[{"id":9052,"href":"https:\/\/www.toque-musicall.com\/index.php?rest_route=\/wp\/v2\/posts\/9048\/revisions\/9052"}],"wp:attachment":[{"href":"https:\/\/www.toque-musicall.com\/index.php?rest_route=%2Fwp%2Fv2%2Fmedia&parent=9048"}],"wp:term":[{"taxonomy":"category","embeddable":true,"href":"https:\/\/www.toque-musicall.com\/index.php?rest_route=%2Fwp%2Fv2%2Fcategories&post=9048"},{"taxonomy":"post_tag","embeddable":true,"href":"https:\/\/www.toque-musicall.com\/index.php?rest_route=%2Fwp%2Fv2%2Ftags&post=9048"}],"curies":[{"name":"wp","href":"https:\/\/api.w.org\/{rel}","templated":true}]}}