{"id":905,"date":"2010-03-16T09:35:00","date_gmt":"2010-03-16T09:35:00","guid":{"rendered":"http:\/\/www.toque-musicall.com\/?p=905"},"modified":"2010-03-16T09:35:00","modified_gmt":"2010-03-16T09:35:00","slug":"nora-ney-1958","status":"publish","type":"post","link":"https:\/\/www.toque-musicall.com\/?p=905","title":{"rendered":"Nora Ney (1958)"},"content":{"rendered":"<p><a href=\"http:\/\/4.bp.blogspot.com\/_DSKVEvHtskc\/S59RaL6GrbI\/AAAAAAAAGUE\/WiT-YNmlSyo\/s1600-h\/nora+ney+P.JPG\"><img decoding=\"async\" style=\"TEXT-ALIGN: center; MARGIN: 0px auto 10px; WIDTH: 400px; DISPLAY: block; HEIGHT: 394px; CURSOR: hand\" id=\"BLOGGER_PHOTO_ID_5449163584456535474\" border=\"0\" alt=\"\" src=\"http:\/\/4.bp.blogspot.com\/_DSKVEvHtskc\/S59RaL6GrbI\/AAAAAAAAGUE\/WiT-YNmlSyo\/s400\/nora+ney+P.JPG\" \/><\/a> Bom dia, amigos cultos e ocultos! Vou logo aproveitando o momento matinal para fazer a nossa postagem, pois pelo jeito n\u00e3o terei outra oportunidade. O meu tempo est\u00e1 curt\u00edssimo!<br \/>Como eu comecei a semana com uma cantora, Maria Beth\u00e2nia, acho que vou dar sequ\u00eancia ao tema &#8216;voz feminina&#8217;. Afinal, al\u00e9m de fazerem muito sucesso por aqui, elas tamb\u00e9m merecem mais espa\u00e7o no Toque Musical. No Dia Internacional da Mulher eu deixei passar em branco, n\u00e3o fiz nenhum coment\u00e1rio e nem prestei minha homenagem. Mesmo assim, \u00e9 bom saber, n\u00e3o deixo de pensar nelas um s\u00f3 dia \ud83d\ude09 Viva a mulher!<br \/>Nosso encontro hoje \u00e9 (novamente) com a <a href=\"http:\/\/toque-musicall.blogspot.com\/search\/label\/Nora%20Ney\">Nora Ney<\/a>, cantora a qual eu aprendi a respeitar e conhecer melhor. Por isso mesmo venho insistindo em mant\u00ea-la sempre presente. Sempre que poss\u00edvel, postarei alguma coisa dela. Temos assim o seu \u00e1lbum de estr\u00e9ia na RCA Victor, lan\u00e7ado em 1958. Um lp de can\u00e7\u00f5es feitas para a interpreta\u00e7\u00e3o da cantora. Segundo as informa\u00e7\u00f5es do texto na contracapa, foram reunidas doze can\u00e7\u00f5es especialmente escolhidas para ela. S\u00e3o m\u00fasicas at\u00e9 ent\u00e3o in\u00e9ditas, com exce\u00e7\u00e3o de apenas &#8220;O que&#8230;&#8221;, de Maysa. Todas as demais s\u00e3o assinadas por seus colegas cantores compositores, que com muita propriedade, confiaram \u00e0 ela a tarefa de interpret\u00e1-las. Da\u00ed, sucessos como &#8220;Solid\u00e3o&#8221; e &#8220;Castigo&#8221; de Dolores Duran ou &#8220;Vai, mas vai mesmo&#8221;, de Ataulfo Alves, se fizeram primeiro na voz de Nora Ney. Tem tamb\u00e9m m\u00fasicas de Tito Madi, Marlene, Cyro Monteiro, Ivon Curi, Chico Alves e outros&#8230; Ta\u00ed, mais um disco b\u00e1sico para quem quer conhecer melhor a MPB. Confiram&#8230;<\/p>\n<div align=\"center\">solid\u00e3o<\/div>\n<div align=\"center\">tudo passa<\/div>\n<div align=\"center\">quando a chuva n\u00e3o vem<\/div>\n<div align=\"center\">pra falar com meus bot\u00f5es<\/div>\n<div align=\"center\">pobre de mim<\/div>\n<div align=\"center\">ser bom<\/div>\n<div align=\"center\">vai, mas vai mesmo<\/div>\n<div align=\"center\">o que&#8230;<\/div>\n<div align=\"center\">pedro manduca<\/div>\n<div align=\"center\">o que passou, passou<\/div>\n<div align=\"center\">voc\u00ea sabe<\/div>\n<div align=\"center\">castigo<\/div>\n<div align=\"center\"> <\/div>\n<div align=\"center\"> <\/div>\n","protected":false},"excerpt":{"rendered":"<p>Bom dia, amigos cultos e ocultos! Vou logo aproveitando o momento matinal para fazer a nossa postagem, pois pelo jeito n\u00e3o terei outra oportunidade. O meu tempo est\u00e1 curt\u00edssimo!Como eu comecei a semana com uma cantora, Maria Beth\u00e2nia, acho que &hellip; <a href=\"https:\/\/www.toque-musicall.com\/?p=905\">Continue lendo <span class=\"meta-nav\">&rarr;<\/span><\/a><\/p>\n","protected":false},"author":1,"featured_media":0,"comment_status":"open","ping_status":"closed","sticky":false,"template":"","format":"standard","meta":{"footnotes":""},"categories":[160],"tags":[],"class_list":["post-905","post","type-post","status-publish","format-standard","hentry","category-nora-ney"],"_links":{"self":[{"href":"https:\/\/www.toque-musicall.com\/index.php?rest_route=\/wp\/v2\/posts\/905","targetHints":{"allow":["GET"]}}],"collection":[{"href":"https:\/\/www.toque-musicall.com\/index.php?rest_route=\/wp\/v2\/posts"}],"about":[{"href":"https:\/\/www.toque-musicall.com\/index.php?rest_route=\/wp\/v2\/types\/post"}],"author":[{"embeddable":true,"href":"https:\/\/www.toque-musicall.com\/index.php?rest_route=\/wp\/v2\/users\/1"}],"replies":[{"embeddable":true,"href":"https:\/\/www.toque-musicall.com\/index.php?rest_route=%2Fwp%2Fv2%2Fcomments&post=905"}],"version-history":[{"count":0,"href":"https:\/\/www.toque-musicall.com\/index.php?rest_route=\/wp\/v2\/posts\/905\/revisions"}],"wp:attachment":[{"href":"https:\/\/www.toque-musicall.com\/index.php?rest_route=%2Fwp%2Fv2%2Fmedia&parent=905"}],"wp:term":[{"taxonomy":"category","embeddable":true,"href":"https:\/\/www.toque-musicall.com\/index.php?rest_route=%2Fwp%2Fv2%2Fcategories&post=905"},{"taxonomy":"post_tag","embeddable":true,"href":"https:\/\/www.toque-musicall.com\/index.php?rest_route=%2Fwp%2Fv2%2Ftags&post=905"}],"curies":[{"name":"wp","href":"https:\/\/api.w.org\/{rel}","templated":true}]}}