{"id":9053,"date":"2021-12-29T11:46:00","date_gmt":"2021-12-29T13:46:00","guid":{"rendered":"https:\/\/www.toque-musicall.com\/?p=9053"},"modified":"2021-12-30T11:49:10","modified_gmt":"2021-12-30T13:49:10","slug":"carequinha-com-a-bandinha-de-altamiro-carrilho-e-coro-1960","status":"publish","type":"post","link":"https:\/\/www.toque-musicall.com\/?p=9053","title":{"rendered":"Carequinha &#8211; Com A Bandinha De Altamiro Carrilho E Coro (1960)"},"content":{"rendered":"\n<figure class=\"wp-block-image size-large\"><img decoding=\"async\" src=\"https:\/\/blogger.googleusercontent.com\/img\/a\/AVvXsEhJ2f8iG-XNdzumhba7mgFy7M3ruGBORLImEV8xGEOsTrw6nI_UkJDre8YPk_CMB98Z6omtNs88hog_OAafFfphy34UJgV_nL6jkFrUkOmfF8zhyQEvd9waxQ1BXfgnjafsnqNT41a4JFfQ4K0PWm5rM1DksRb_28gEn7k_ix1mtZA_8CG814o6i62e1Q=w640-h628\" alt=\"\"\/><\/figure>\n\n\n\n<figure class=\"wp-block-image size-large\"><img decoding=\"async\" src=\"https:\/\/blogger.googleusercontent.com\/img\/a\/AVvXsEinXlKmVSOrfAHujGklt_jOfaz6dJNysu1O_-KzjpwOowJcUihZG7XzpyWPgH6TQTPmBdu5kF-LUjdIlI1CZKswK_OADeME15rsKlx-FNnVPKcCszuA5yBr1KwTUFDTEtyEYbYBh3faK6X56z3kRYN35Oujz9kvjfVlTYzEAdiZZwDd2KjF7L0NTjJWEg=w640-h634\" alt=\"\"\/><\/figure>\n\n\n<div class=\"separator\">Bom dia, caros amigos cultos e ocultos! Em uma outra mostra de compactos aqui do Toque Musical, postamos um disquinho do palha\u00e7o Carequinha, com a promessa de que postar\u00edamos outro numa nova oportunidade. Olha ela aqui&#8230; \ud83d\ude42 Desta vez trazemos um dos seus discos que mais fez sucesso, principalmente por conta da faixa &#8220;O bom menino&#8221;, m\u00fasica que fez muito sucesso e ainda hoje \u00e9 lembrada, principalmente pela crian\u00e7ada que hoje est\u00e1 com mais de 50. Mas, neste compacto duplo temos ainda outros sucessos que marcaram \u00e9poca, inclusive no carnaval. As marchinhas que o Carequinha lan\u00e7ava acabavam virando m\u00fasicas tamb\u00e9m de carnaval. Neste disquinho, nosso querido palha\u00e7o, como de costume, vinha acompanhado pelo grande Altamiro Carrilho e sua bandinha. Altamiro, inclusive \u00e9 o autor de v\u00e1rios desses sucessos, em parceria com Miguel Gustavo e Irany Oliveira. Este compacto \u00e9 ainda da fase dos disquinho em 45 rpm, ou seja, dos primeiros fabricados no pa\u00eds, trazendo no centro do selo o fur\u00e3o, t\u00edpico dos compactos impostados. Certamente, foi lan\u00e7ado em 1960, ou 61. Fica a d\u00favida&#8230;\u00a0<\/div>\n<div class=\"separator\">\u00a0<\/div>\n<div class=\"separator\">o bom menino<\/div>\n<div class=\"separator\">carnaval do jk<\/div>\n<div class=\"separator\">hist\u00f3ria do gago<\/div>\n<div class=\"separator\">fanzoca de r\u00e1dio<\/div>\n<div class=\"separator\">\u00a0<\/div>\n<div class=\"separator\">\u00a0<\/div>\n<div class=\"separator\">.<\/div>","protected":false},"excerpt":{"rendered":"<p>Bom dia, caros amigos cultos e ocultos! Em uma outra mostra de compactos aqui do Toque Musical, postamos um disquinho do palha\u00e7o Carequinha, com a promessa de que postar\u00edamos outro numa nova oportunidade. Olha ela aqui&#8230; \ud83d\ude42 Desta vez trazemos &hellip; <a href=\"https:\/\/www.toque-musicall.com\/?p=9053\">Continue lendo <span class=\"meta-nav\">&rarr;<\/span><\/a><\/p>\n","protected":false},"author":1,"featured_media":0,"comment_status":"closed","ping_status":"closed","sticky":false,"template":"","format":"standard","meta":{"footnotes":""},"categories":[213,1058,93,152],"tags":[3570,4150,3072,3108],"class_list":["post-9053","post","type-post","status-publish","format-standard","hentry","category-altamiro-carrilho","category-carequinha","category-compactos","category-selo-copacabana","tag-altamiro-carrilho","tag-carequinha","tag-compactos","tag-selo-copacabana"],"_links":{"self":[{"href":"https:\/\/www.toque-musicall.com\/index.php?rest_route=\/wp\/v2\/posts\/9053","targetHints":{"allow":["GET"]}}],"collection":[{"href":"https:\/\/www.toque-musicall.com\/index.php?rest_route=\/wp\/v2\/posts"}],"about":[{"href":"https:\/\/www.toque-musicall.com\/index.php?rest_route=\/wp\/v2\/types\/post"}],"author":[{"embeddable":true,"href":"https:\/\/www.toque-musicall.com\/index.php?rest_route=\/wp\/v2\/users\/1"}],"replies":[{"embeddable":true,"href":"https:\/\/www.toque-musicall.com\/index.php?rest_route=%2Fwp%2Fv2%2Fcomments&post=9053"}],"version-history":[{"count":1,"href":"https:\/\/www.toque-musicall.com\/index.php?rest_route=\/wp\/v2\/posts\/9053\/revisions"}],"predecessor-version":[{"id":9054,"href":"https:\/\/www.toque-musicall.com\/index.php?rest_route=\/wp\/v2\/posts\/9053\/revisions\/9054"}],"wp:attachment":[{"href":"https:\/\/www.toque-musicall.com\/index.php?rest_route=%2Fwp%2Fv2%2Fmedia&parent=9053"}],"wp:term":[{"taxonomy":"category","embeddable":true,"href":"https:\/\/www.toque-musicall.com\/index.php?rest_route=%2Fwp%2Fv2%2Fcategories&post=9053"},{"taxonomy":"post_tag","embeddable":true,"href":"https:\/\/www.toque-musicall.com\/index.php?rest_route=%2Fwp%2Fv2%2Ftags&post=9053"}],"curies":[{"name":"wp","href":"https:\/\/api.w.org\/{rel}","templated":true}]}}