{"id":9057,"date":"2021-12-31T00:05:00","date_gmt":"2021-12-31T02:05:00","guid":{"rendered":"https:\/\/www.toque-musicall.com\/?p=9057"},"modified":"2022-01-02T00:08:12","modified_gmt":"2022-01-02T02:08:12","slug":"carlos-walker-compacto-1974","status":"publish","type":"post","link":"https:\/\/www.toque-musicall.com\/?p=9057","title":{"rendered":"Carlos Walker &#8211; Compacto (1974)"},"content":{"rendered":"\n<figure class=\"wp-block-image size-large\"><img decoding=\"async\" src=\"https:\/\/blogger.googleusercontent.com\/img\/a\/AVvXsEjHMxiDcDteRvd-T8mS03K5aZDi5_vgpR07as0GPyCP-syJ-g6Oo2LSHF5XxDG8JSPwg7_GIghD_yL4kVayKGra-ZkKq5CdbWcTkwRLoG5QFe_Q9D3nVCJAVomimcMVjgmoqPQa6dxhaQ6htO-CQAlP6AgwTVjl7ptbRahqJBzaFiXISrENWXxf_DCyhA=w640-h640\" alt=\"\"\/><\/figure>\n\n\n\n<figure class=\"wp-block-image size-large\"><img decoding=\"async\" src=\"https:\/\/blogger.googleusercontent.com\/img\/a\/AVvXsEgYBL9DTo-QU76o5F4LlI3iUOUfks66awev2BqzavdmzRyOTAXGPyCxJ7pJ9cavxn0B4aMagnGoah0h-zELn5PC6owxYSIZ5pVd5vZr8Kg9a81khWKmXIHRZ9ZiOZ2kMQFbm4Qx8PPiihwtLdezYbrjKim-9ZY9qBuAq7faEQaFhUWztoMzyMSrPRUDHA=w640-h640\" alt=\"\"\/><\/figure>\n\n\n<div class=\"separator\">Enfim, aqui chegamos ao final de mais um ano, caros amigos cultos e ocultos. Queremos nesta postagem agradecer o apoio de muitos com suas colabora\u00e7\u00f5es e doa\u00e7\u00f5es, sempre muito bem vindas e necess\u00e1rias para que possamos continuar com nosso toque musical. Desejamos a todos um feliz 2022. Que seja este o ano de renova\u00e7\u00e3o, da renascen\u00e7a, do amor, da fraternidade e da empatia. Desejamos a todos muita felicidade, sa\u00fade e consci\u00eancia.\u00a0<\/div>\n<div class=\"separator\">E para fechar o ano tenho aqui este compacto do Carlos Walker, seu primeiro disquinho, o cart\u00e3o de visita lan\u00e7ado em 1974 para seu lp que viria a ser lan\u00e7ado no ano seguinte. Neste, temos &#8220;Alfazema&#8221;, bel\u00edssima m\u00fasica que fez parte da trilha da novela da Globo, &#8220;O Espig\u00e3o&#8221; e &#8220;Dizem&#8221;, duas can\u00e7\u00f5es de sua autoria que tamb\u00e9m estariam presentes no lp. Por sinal, este lp n\u00f3s j\u00e1 apresentamos por aqui e na oportunidade inclu\u00edmos tamb\u00e9m o compacto. Mas agora ele volta para que a gente possa fechar esse fat\u00eddico 2021 de forma positiva, exorcizando de vez e deixando para tr\u00e1s tudo de ruim. Que esta alfazema possa nos relaxar e nos preparar para 2022. Feliz ano novo!<\/div>\n<div class=\"separator\">\u00a0<\/div>\n<div class=\"separator\">alfazema<\/div>\n<div class=\"separator\">dizem<\/div>\n<div class=\"separator\">\u00a0<\/div>\n<div class=\"separator\">\u00a0<\/div>\n<div class=\"separator\">.<\/div>","protected":false},"excerpt":{"rendered":"<p>Enfim, aqui chegamos ao final de mais um ano, caros amigos cultos e ocultos. Queremos nesta postagem agradecer o apoio de muitos com suas colabora\u00e7\u00f5es e doa\u00e7\u00f5es, sempre muito bem vindas e necess\u00e1rias para que possamos continuar com nosso toque &hellip; <a href=\"https:\/\/www.toque-musicall.com\/?p=9057\">Continue lendo <span class=\"meta-nav\">&rarr;<\/span><\/a><\/p>\n","protected":false},"author":1,"featured_media":0,"comment_status":"closed","ping_status":"closed","sticky":false,"template":"","format":"standard","meta":{"footnotes":""},"categories":[403,93,70],"tags":[3876,3072,3061],"class_list":["post-9057","post","type-post","status-publish","format-standard","hentry","category-carlos-walker","category-compactos","category-selo-rca-victor","tag-carlos-walker","tag-compactos","tag-selo-rca-victor"],"_links":{"self":[{"href":"https:\/\/www.toque-musicall.com\/index.php?rest_route=\/wp\/v2\/posts\/9057","targetHints":{"allow":["GET"]}}],"collection":[{"href":"https:\/\/www.toque-musicall.com\/index.php?rest_route=\/wp\/v2\/posts"}],"about":[{"href":"https:\/\/www.toque-musicall.com\/index.php?rest_route=\/wp\/v2\/types\/post"}],"author":[{"embeddable":true,"href":"https:\/\/www.toque-musicall.com\/index.php?rest_route=\/wp\/v2\/users\/1"}],"replies":[{"embeddable":true,"href":"https:\/\/www.toque-musicall.com\/index.php?rest_route=%2Fwp%2Fv2%2Fcomments&post=9057"}],"version-history":[{"count":1,"href":"https:\/\/www.toque-musicall.com\/index.php?rest_route=\/wp\/v2\/posts\/9057\/revisions"}],"predecessor-version":[{"id":9058,"href":"https:\/\/www.toque-musicall.com\/index.php?rest_route=\/wp\/v2\/posts\/9057\/revisions\/9058"}],"wp:attachment":[{"href":"https:\/\/www.toque-musicall.com\/index.php?rest_route=%2Fwp%2Fv2%2Fmedia&parent=9057"}],"wp:term":[{"taxonomy":"category","embeddable":true,"href":"https:\/\/www.toque-musicall.com\/index.php?rest_route=%2Fwp%2Fv2%2Fcategories&post=9057"},{"taxonomy":"post_tag","embeddable":true,"href":"https:\/\/www.toque-musicall.com\/index.php?rest_route=%2Fwp%2Fv2%2Ftags&post=9057"}],"curies":[{"name":"wp","href":"https:\/\/api.w.org\/{rel}","templated":true}]}}