{"id":906,"date":"2010-03-14T15:44:00","date_gmt":"2010-03-14T15:44:00","guid":{"rendered":"http:\/\/www.toque-musicall.com\/?p=906"},"modified":"2010-03-14T15:44:00","modified_gmt":"2010-03-14T15:44:00","slug":"bossa-nova-1985","status":"publish","type":"post","link":"https:\/\/www.toque-musicall.com\/?p=906","title":{"rendered":"Bossa Nova (1985)"},"content":{"rendered":"<p><a href=\"http:\/\/4.bp.blogspot.com\/_DSKVEvHtskc\/S52WTKCQODI\/AAAAAAAAGTs\/LFbVHisNxSw\/s1600-h\/bossa+nova+P.JPG\"><img decoding=\"async\" style=\"TEXT-ALIGN: center; MARGIN: 0px auto 10px; WIDTH: 400px; DISPLAY: block; HEIGHT: 397px; CURSOR: hand\" id=\"BLOGGER_PHOTO_ID_5448676380043655218\" border=\"0\" alt=\"\" src=\"http:\/\/4.bp.blogspot.com\/_DSKVEvHtskc\/S52WTKCQODI\/AAAAAAAAGTs\/LFbVHisNxSw\/s400\/bossa+nova+P.JPG\" \/><\/a> Ol\u00e1 amigos! Custei mas cheguei! Meu domingo foi super movimentado, s\u00f3 agora estou podendo ligar o computador. Mas esta vai ser rapidinha. Estou cansado e com sono. Para que o dia n\u00e3o passe em branco, ainda mais um domingo, estou deixando aqui esta colet\u00e2nea de Bossa Nova da Fontana\/ PolyGram. N\u00e3o tem nenhuma novidade ou raridade, mas sempre agrada.<br \/>Confira a\u00ed, porque agora eu vou dormir. Zzz&#8230;&#8230;<\/p>\n<div align=\"center\">chega de saudade &#8211; tom jobim<\/div>\n<div align=\"center\">brigas nunca mais &#8211; elis regina<\/div>\n<div align=\"center\">coisa mais linda &#8211; caetano veloso<\/div>\n<div align=\"center\">este seu olhar \/ s\u00f3 em teus bra\u00e7os &#8211; l\u00facio alvves e sylvia telles<\/div>\n<div align=\"center\">garota de ipanema -os cariocas<\/div>\n<div align=\"center\">ela \u00e9 carioca &#8211; sergio mendes e bossa rio<\/div>\n<div align=\"center\">falsa baiana &#8211; jo\u00e3o gilberto<\/div>\n<div align=\"center\">voc\u00ea e eu &#8211; nara le\u00e3o<\/div>\n<div align=\"center\">surf board &#8211; roberto menescal e seu conjunto<\/div>\n<div align=\"center\">desafinado &#8211; gal costa<\/div>\n<div align=\"center\">o barquinho &#8211; tamba trio<\/div>\n<div align=\"center\">voc\u00ea &#8211; dick farney e norma bengell<\/div>\n<div align=\"center\"><\/div>\n<div align=\"center\"><\/div>\n","protected":false},"excerpt":{"rendered":"<p>Ol\u00e1 amigos! Custei mas cheguei! Meu domingo foi super movimentado, s\u00f3 agora estou podendo ligar o computador. Mas esta vai ser rapidinha. Estou cansado e com sono. Para que o dia n\u00e3o passe em branco, ainda mais um domingo, estou &hellip; <a href=\"https:\/\/www.toque-musicall.com\/?p=906\">Continue lendo <span class=\"meta-nav\">&rarr;<\/span><\/a><\/p>\n","protected":false},"author":1,"featured_media":0,"comment_status":"open","ping_status":"closed","sticky":false,"template":"","format":"standard","meta":{"footnotes":""},"categories":[1204,135,136,392,291,645,288,1203,290,295,563,287,294],"tags":[],"class_list":["post-906","post","type-post","status-publish","format-standard","hentry","category-10-anos-de-bossa-nova","category-antonio-carlos-jobim","category-caetano-veloso","category-dick-farney","category-gal-costa","category-lucio-alves","category-nara-leao","category-norma-bengell","category-os-cariocas","category-roberto-menescal","category-sergio-mendes","category-sylvia-telles","category-tamba-trio"],"_links":{"self":[{"href":"https:\/\/www.toque-musicall.com\/index.php?rest_route=\/wp\/v2\/posts\/906","targetHints":{"allow":["GET"]}}],"collection":[{"href":"https:\/\/www.toque-musicall.com\/index.php?rest_route=\/wp\/v2\/posts"}],"about":[{"href":"https:\/\/www.toque-musicall.com\/index.php?rest_route=\/wp\/v2\/types\/post"}],"author":[{"embeddable":true,"href":"https:\/\/www.toque-musicall.com\/index.php?rest_route=\/wp\/v2\/users\/1"}],"replies":[{"embeddable":true,"href":"https:\/\/www.toque-musicall.com\/index.php?rest_route=%2Fwp%2Fv2%2Fcomments&post=906"}],"version-history":[{"count":0,"href":"https:\/\/www.toque-musicall.com\/index.php?rest_route=\/wp\/v2\/posts\/906\/revisions"}],"wp:attachment":[{"href":"https:\/\/www.toque-musicall.com\/index.php?rest_route=%2Fwp%2Fv2%2Fmedia&parent=906"}],"wp:term":[{"taxonomy":"category","embeddable":true,"href":"https:\/\/www.toque-musicall.com\/index.php?rest_route=%2Fwp%2Fv2%2Fcategories&post=906"},{"taxonomy":"post_tag","embeddable":true,"href":"https:\/\/www.toque-musicall.com\/index.php?rest_route=%2Fwp%2Fv2%2Ftags&post=906"}],"curies":[{"name":"wp","href":"https:\/\/api.w.org\/{rel}","templated":true}]}}