{"id":9060,"date":"2022-01-01T08:57:00","date_gmt":"2022-01-01T10:57:00","guid":{"rendered":"https:\/\/www.toque-musicall.com\/?p=9060"},"modified":"2022-01-02T08:59:14","modified_gmt":"2022-01-02T10:59:14","slug":"edu-viola-o-direito-ao-avesso-1980","status":"publish","type":"post","link":"https:\/\/www.toque-musicall.com\/?p=9060","title":{"rendered":"Edu Viola &#8211; O Direito Ao Avesso (1980)"},"content":{"rendered":"\n<figure class=\"wp-block-image size-large\"><img decoding=\"async\" src=\"https:\/\/blogger.googleusercontent.com\/img\/a\/AVvXsEikRXHkulihiR8TyJwuIDzaoZV7P0hAx8DDNqKmT7KOpo1XaWZzj4qvmTjm4CmGrvqOMr0ucXz2xKbfG1brrrwhu0DkCHAHQaZ3nn7FeICPxG6lyzcK4zPzUEfdYYz7PQkofuT0aj-13yPTRINubcyqf1lcjx9b2UKjoZBWg657QOLRho0pEcP6WD_dKg=w632-h640\" alt=\"\"\/><\/figure>\n\n\n\n<figure class=\"wp-block-image size-large\"><img decoding=\"async\" src=\"https:\/\/blogger.googleusercontent.com\/img\/a\/AVvXsEjqUpd2lt9u8ck2UEdQ0VV2APDOt2XTrVm1ftF53kk821spev_sQ-fc5EVulvX48EWLdOLm8bDDxF9FQJ-CNMTnqsj4MPQbMdZ1ISbViNTxp47IApb_Dx2u4AXY5fAQ44yHubEmRP1iPWwZYfxDqmcG0Mu0eAmm6D_gTEJX6nTcpRE3Q3n-9hhHWV-1ag=w614-h640\" alt=\"\"\/><\/figure>\n\n\n<div class=\"separator\">Bom dia, bom in\u00edcio de 2022 para todos os amigos cultos e ocultos! Inicio este novo ano, ainda dando sequencia \u00e0s postagens de discos compactos e escolhi para abrimos nosso 2022 algo especial que vim realmente a conhecer no ano que passou. Estou falando de Edu Viola, um artista do que podemos chamar de &#8216;udigrudi paulista&#8221;, ou seja um dos muitos artistas que viveram intensamente a cena jovem musical dos anos 70, em S\u00e3o Paulo, mas que por algum motivo acabaram permanecendo obscuros. E no caso de Edu Viola isso fica bem claro ao conhecermos melhor o seu trabalho musical. Ele \u00e9 um cara que foge a regra, que seguiu por caminhos alternativos, assim como a sua m\u00fasica, diferenciada, que o coloca como um artista atemporal, para alguns at\u00e9 meio louco, um errante musical que faz disso a sua ess\u00eancia e produz uma obra org\u00e2nica e muito pessoal, pois ele se modifica e se adapta conforme o seu momento. Gosto muito desse tipo de artista que n\u00e3o est\u00e1 atrelado a nada al\u00e9m de sua pr\u00f3pria vontade e cria\u00e7\u00e3o, \u00e9 algo genu\u00edno. Edu Viola (Eduardo Rodrigues de Oliveira) \u00e9 um cantor, compositor e construtor de instrumentos musicais que faz parte do folclore e vida cultural da Paulic\u00e9ia. Por certo, s\u00f3 mesmo quem \u00e9 de Sampa e antenado com a cultura da cidade o conhece bem. Eu mesmo, s\u00f3 vim a conhecer seu trabalho no ano passado. J\u00e1 tinha ouvido falar dele, mas nunca cheguei a ouvir sua m\u00fasica. Foi meio que por acaso, numa de minhas garimpadas pelos sebos, que dei a sorte de encontrar este disquinho compacto que ele gravou em 1980. Um compacto t\u00e3o diferente quanto o pr\u00f3prio artista, pois nele est\u00e3o oito de suas composi\u00e7\u00f5es. Discos de sete polegadas assim, com tantas m\u00fasicas, s\u00f3 mesmo os mini-discos da Musidisc, lan\u00e7ados nos anos 60.\u00a0<\/div>\n<div class=\"separator\">&#8220;O direito ao Avesso&#8221; foi uma produ\u00e7\u00e3o independente com tiragem limitada, creio que fizeram apenas mil exemplares, dos quais alguns vieram a ecoar novamente quando lan\u00e7aram o lp &#8220;Psilocibina&#8221;, grava\u00e7\u00f5es essas feitas originalmente em 1970. Ta\u00ed, um outro disco que preciso ter na minha cole\u00e7\u00e3o e assim que o fizer, trago aqui para compartilhar com voc\u00eas. Por hora, vamos com este compacto, hoje em dia raridade que muitos ainda querem. Confiram no GTM&#8230;.<\/div>\n<div class=\"separator\">\u00a0<\/div>\n<div class=\"separator\">feira de santana<\/div>\n<div class=\"separator\">avezinha<\/div>\n<div class=\"separator\">tens f\u00f3sforos a\u00ed<\/div>\n<div class=\"separator\">j\u00e1 chega nessa<\/div>\n<div class=\"separator\">eco l\u00f3gico<\/div>\n<div class=\"separator\">festas v\u00e3s<\/div>\n<div class=\"separator\">alpiste<\/div>\n<div class=\"separator\">pra mim, mulher \u00e9 o seguinte<\/div>\n<div class=\"separator\">bela velhinha<\/div>\n<div class=\"separator\">\u00a0<\/div>\n<div class=\"separator\">\u00a0<\/div>\n<div class=\"separator\">.<\/div>","protected":false},"excerpt":{"rendered":"<p>Bom dia, bom in\u00edcio de 2022 para todos os amigos cultos e ocultos! Inicio este novo ano, ainda dando sequencia \u00e0s postagens de discos compactos e escolhi para abrimos nosso 2022 algo especial que vim realmente a conhecer no ano &hellip; <a href=\"https:\/\/www.toque-musicall.com\/?p=9060\">Continue lendo <span class=\"meta-nav\">&rarr;<\/span><\/a><\/p>\n","protected":false},"author":1,"featured_media":0,"comment_status":"closed","ping_status":"closed","sticky":false,"template":"","format":"standard","meta":{"footnotes":""},"categories":[93,4928,25],"tags":[3072,4929,3017],"class_list":["post-9060","post","type-post","status-publish","format-standard","hentry","category-compactos","category-edu-viola","category-selo-independente","tag-compactos","tag-edu-viola","tag-selo-independente"],"_links":{"self":[{"href":"https:\/\/www.toque-musicall.com\/index.php?rest_route=\/wp\/v2\/posts\/9060","targetHints":{"allow":["GET"]}}],"collection":[{"href":"https:\/\/www.toque-musicall.com\/index.php?rest_route=\/wp\/v2\/posts"}],"about":[{"href":"https:\/\/www.toque-musicall.com\/index.php?rest_route=\/wp\/v2\/types\/post"}],"author":[{"embeddable":true,"href":"https:\/\/www.toque-musicall.com\/index.php?rest_route=\/wp\/v2\/users\/1"}],"replies":[{"embeddable":true,"href":"https:\/\/www.toque-musicall.com\/index.php?rest_route=%2Fwp%2Fv2%2Fcomments&post=9060"}],"version-history":[{"count":1,"href":"https:\/\/www.toque-musicall.com\/index.php?rest_route=\/wp\/v2\/posts\/9060\/revisions"}],"predecessor-version":[{"id":9061,"href":"https:\/\/www.toque-musicall.com\/index.php?rest_route=\/wp\/v2\/posts\/9060\/revisions\/9061"}],"wp:attachment":[{"href":"https:\/\/www.toque-musicall.com\/index.php?rest_route=%2Fwp%2Fv2%2Fmedia&parent=9060"}],"wp:term":[{"taxonomy":"category","embeddable":true,"href":"https:\/\/www.toque-musicall.com\/index.php?rest_route=%2Fwp%2Fv2%2Fcategories&post=9060"},{"taxonomy":"post_tag","embeddable":true,"href":"https:\/\/www.toque-musicall.com\/index.php?rest_route=%2Fwp%2Fv2%2Ftags&post=9060"}],"curies":[{"name":"wp","href":"https:\/\/api.w.org\/{rel}","templated":true}]}}