{"id":9065,"date":"2022-01-03T08:23:00","date_gmt":"2022-01-03T10:23:00","guid":{"rendered":"https:\/\/www.toque-musicall.com\/?p=9065"},"modified":"2022-01-04T08:32:24","modified_gmt":"2022-01-04T10:32:24","slug":"heladio-compacto-1976","status":"publish","type":"post","link":"https:\/\/www.toque-musicall.com\/?p=9065","title":{"rendered":"Heladio &#8211; Compacto (1976)"},"content":{"rendered":"\n<figure class=\"wp-block-image size-large\"><img decoding=\"async\" src=\"https:\/\/blogger.googleusercontent.com\/img\/a\/AVvXsEitYZFLqDT7FtkdGwpsRx45CvW19YPdMUrGxnFczQxStl1ELxDnp5Ks1uDeEDNQ_CW_UB_5aSjNQQLCCid7awrxuqBfC8-IVQaIhI6ZnlbmtZxCP2uEnx0QVijrGL7koXG7Wi1Q_hodaPMCYuROkfIPTHbTOASXZH-BQ8GhJxo9sksvJSrYuak1BlyeiQ=w638-h640\" alt=\"\"\/><\/figure>\n\n\n\n<figure class=\"wp-block-image size-large\"><img decoding=\"async\" src=\"https:\/\/blogger.googleusercontent.com\/img\/a\/AVvXsEhZTFrdn_lTWL4ONBjE71tCmRiyz_1Qk29dhHSf48pA27DZE88BDTqU9Nn9OTv_doo_TTh-EWnnOqprvUGLZhUscGpoOk8gO4t94kUvYYaRqUrcYrRVnZ0xR13AG-KtZ7_m20Hv7rL2Ko0EhF7aCXlPjcOiBlL17NSHbx8WkQIbm2pY5THa2OgroCuEJQ=w628-h640\" alt=\"\"\/><\/figure>\n\n\n<div class=\"separator\">Ol\u00e1, amigos cultos e ocultos! Tenho para hoje este raro disquinho de sete polegadas que certamente ir\u00e1 agradar a muitos por aqui. Estou falado de Hal\u00e1dio, ou mais ainda, Carlos El\u00e1dio, m\u00fasico baiano que come\u00e7ou a carreira ao lado de Raul Seixas. El\u00e1dio era o guitarrista dOs Panteras, grupo formado por Raul e com o qual gravaram um \u00fanico disco em 1967. Com a sa\u00edda de Raul Seixas o grupo se desfez e El\u00e1dio foi tocar na banda de apoio de Jerry Adriani. El\u00e1dio voltaria a se encontrar com Raul Seixas quando este o convidou para participar de seu quarto disco, o &#8220;Novo Aeon&#8221;, de 75. Esse reencontro rendeu ao guitarrista novos shows com o maluco beleza e tamb\u00e9m lhe abriria as portas na CBS para gravar um disco. Creio que acabou ficando apenas neste compacto, lan\u00e7ado no ano seguinte e trazendo duas de suas composi\u00e7\u00f5es, que por sinal est\u00e3o impregnadas do estilo Raul Seixas. Talvez, por isso mesmo, acabou sendo visto apenas como um dos muitos ecos de Raul. El\u00e1dio se tornou publicit\u00e1rio, mas tamb\u00e9m continuou atuando em show, principalmente em tributos ao roqueiro baiano. Confiram o disquinho aqui, pois ele s\u00f3 vai estar Youtube depois que algum dos amigos ocultos forem buscar o \u00e1udio no GTM \ud83d\ude09<\/div>\n<div class=\"separator\">\u00a0<\/div>\n<div class=\"separator\">marginal militante<\/div>\n<div class=\"separator\">deixe eu cantar o meu<\/div>\n<div class=\"separator\">\u00a0<\/div>\n<div class=\"separator\">\u00a0<\/div>\n<div class=\"separator\">.<\/div>","protected":false},"excerpt":{"rendered":"<p>Ol\u00e1, amigos cultos e ocultos! Tenho para hoje este raro disquinho de sete polegadas que certamente ir\u00e1 agradar a muitos por aqui. Estou falado de Hal\u00e1dio, ou mais ainda, Carlos El\u00e1dio, m\u00fasico baiano que come\u00e7ou a carreira ao lado de &hellip; <a href=\"https:\/\/www.toque-musicall.com\/?p=9065\">Continue lendo <span class=\"meta-nav\">&rarr;<\/span><\/a><\/p>\n","protected":false},"author":1,"featured_media":0,"comment_status":"closed","ping_status":"closed","sticky":false,"template":"","format":"standard","meta":{"footnotes":""},"categories":[93,4931,178],"tags":[3072,4932,3268],"class_list":["post-9065","post","type-post","status-publish","format-standard","hentry","category-compactos","category-heladio","category-selo-cbs","tag-compactos","tag-heladio","tag-selo-cbs"],"_links":{"self":[{"href":"https:\/\/www.toque-musicall.com\/index.php?rest_route=\/wp\/v2\/posts\/9065","targetHints":{"allow":["GET"]}}],"collection":[{"href":"https:\/\/www.toque-musicall.com\/index.php?rest_route=\/wp\/v2\/posts"}],"about":[{"href":"https:\/\/www.toque-musicall.com\/index.php?rest_route=\/wp\/v2\/types\/post"}],"author":[{"embeddable":true,"href":"https:\/\/www.toque-musicall.com\/index.php?rest_route=\/wp\/v2\/users\/1"}],"replies":[{"embeddable":true,"href":"https:\/\/www.toque-musicall.com\/index.php?rest_route=%2Fwp%2Fv2%2Fcomments&post=9065"}],"version-history":[{"count":1,"href":"https:\/\/www.toque-musicall.com\/index.php?rest_route=\/wp\/v2\/posts\/9065\/revisions"}],"predecessor-version":[{"id":9066,"href":"https:\/\/www.toque-musicall.com\/index.php?rest_route=\/wp\/v2\/posts\/9065\/revisions\/9066"}],"wp:attachment":[{"href":"https:\/\/www.toque-musicall.com\/index.php?rest_route=%2Fwp%2Fv2%2Fmedia&parent=9065"}],"wp:term":[{"taxonomy":"category","embeddable":true,"href":"https:\/\/www.toque-musicall.com\/index.php?rest_route=%2Fwp%2Fv2%2Fcategories&post=9065"},{"taxonomy":"post_tag","embeddable":true,"href":"https:\/\/www.toque-musicall.com\/index.php?rest_route=%2Fwp%2Fv2%2Ftags&post=9065"}],"curies":[{"name":"wp","href":"https:\/\/api.w.org\/{rel}","templated":true}]}}